{"id":1426,"date":"2025-02-12T00:26:46","date_gmt":"2025-02-12T00:26:46","guid":{"rendered":"https:\/\/luminorecruit.com\/?p=1426"},"modified":"2025-11-27T17:28:40","modified_gmt":"2025-11-27T17:28:40","slug":"cannabis-veranstaltungen-in-europa-2025","status":"publish","type":"post","link":"https:\/\/luminorecruit.com\/de\/cannabis-events-in-europe-2025\/","title":{"rendered":"Die am meisten erwarteten Cannabis-Events in Europa 2025"},"content":{"rendered":"<div data-elementor-type=\"wp-post\" data-elementor-id=\"1426\" class=\"elementor elementor-1426\" data-elementor-post-type=\"post\">\n\t\t\t\t<div class=\"elementor-element elementor-element-204c2e5f e-con-full e-flex e-con e-parent\" data-id=\"204c2e5f\" data-element_type=\"container\" data-e-type=\"container\">\n\t\t<div class=\"elementor-element elementor-element-c186923 e-grid e-con-full e-con e-child\" data-id=\"c186923\" data-element_type=\"container\" data-e-type=\"container\" data-settings=\"{&quot;background_background&quot;:&quot;classic&quot;}\">\n\t\t<div class=\"elementor-element elementor-element-9e46c6f e-con-full e-flex e-con e-child\" data-id=\"9e46c6f\" data-element_type=\"container\" data-e-type=\"container\" data-settings=\"{&quot;background_background&quot;:&quot;classic&quot;}\">\n\t\t\t\t<div class=\"elementor-element elementor-element-56875bd elementor-widget elementor-widget-heading\" data-id=\"56875bd\" data-element_type=\"widget\" data-e-type=\"widget\" data-widget_type=\"heading.default\">\n\t\t\t\t<div class=\"elementor-widget-container\">\n\t\t\t\t\t<h5 class=\"elementor-heading-title elementor-size-default\">Bereit f\u00fcr 2026?<\/h5>\t\t\t\t<\/div>\n\t\t\t\t<\/div>\n\t\t\t\t<div class=\"elementor-element elementor-element-99d51fc elementor-widget elementor-widget-text-editor\" data-id=\"99d51fc\" data-element_type=\"widget\" data-e-type=\"widget\" data-widget_type=\"text-editor.default\">\n\t\t\t\t<div class=\"elementor-widget-container\">\n\t\t\t\t\t\t\t\t\t<p>Entdecken Sie die <a href=\"https:\/\/luminorecruit.com\/de\/die-wichtigsten-cannabis-veranstaltungen-in-europa-2026\/\" target=\"_blank\" rel=\"noopener\"><strong>Die empfehlenswertesten Cannabis-Veranstaltungen in Europa<\/strong> <strong>im Jahr 2026<\/strong><\/a><strong>,<\/strong><br \/>und Tickets zu Super-Fr\u00fchbucherpreisen kaufen.<\/p>\t\t\t\t\t\t\t\t<\/div>\n\t\t\t\t<\/div>\n\t\t\t\t<\/div>\n\t\t\t\t<div class=\"elementor-element elementor-element-a69b5fe elementor-widget elementor-widget-image\" data-id=\"a69b5fe\" data-element_type=\"widget\" data-e-type=\"widget\" data-widget_type=\"image.default\">\n\t\t\t\t<div class=\"elementor-widget-container\">\n\t\t\t\t\t\t\t\t\t\t\t\t\t\t\t\t<a href=\"https:\/\/luminorecruit.com\/de\/die-wichtigsten-cannabis-veranstaltungen-in-europa-2026\/\" target=\"_blank\">\n\t\t\t\t\t\t\t<img fetchpriority=\"high\" decoding=\"async\" width=\"300\" height=\"300\" src=\"https:\/\/luminorecruit.com\/wp-content\/uploads\/2025\/11\/cannabis-events-in-europe-blog-square-featured-image-300x300.webp\" class=\"attachment-medium size-medium wp-image-3568\" alt=\"Die wichtigsten Cannabis-Veranstaltungen in Europa 2026\" srcset=\"https:\/\/luminorecruit.com\/wp-content\/uploads\/2025\/11\/cannabis-events-in-europe-blog-square-featured-image-300x300.webp 300w, https:\/\/luminorecruit.com\/wp-content\/uploads\/2025\/11\/cannabis-events-in-europe-blog-square-featured-image-150x150.webp 150w, https:\/\/luminorecruit.com\/wp-content\/uploads\/2025\/11\/cannabis-events-in-europe-blog-square-featured-image-768x768.webp 768w, https:\/\/luminorecruit.com\/wp-content\/uploads\/2025\/11\/cannabis-events-in-europe-blog-square-featured-image-12x12.webp 12w, https:\/\/luminorecruit.com\/wp-content\/uploads\/2025\/11\/cannabis-events-in-europe-blog-square-featured-image-140x140.webp 140w, https:\/\/luminorecruit.com\/wp-content\/uploads\/2025\/11\/cannabis-events-in-europe-blog-square-featured-image-100x100.webp 100w, https:\/\/luminorecruit.com\/wp-content\/uploads\/2025\/11\/cannabis-events-in-europe-blog-square-featured-image-500x500.webp 500w, https:\/\/luminorecruit.com\/wp-content\/uploads\/2025\/11\/cannabis-events-in-europe-blog-square-featured-image-350x350.webp 350w, https:\/\/luminorecruit.com\/wp-content\/uploads\/2025\/11\/cannabis-events-in-europe-blog-square-featured-image-800x800.webp 800w, https:\/\/luminorecruit.com\/wp-content\/uploads\/2025\/11\/cannabis-events-in-europe-blog-square-featured-image.webp 1000w\" sizes=\"(max-width: 300px) 100vw, 300px\" \/>\t\t\t\t\t\t\t\t<\/a>\n\t\t\t\t\t\t\t\t\t\t\t\t\t\t\t<\/div>\n\t\t\t\t<\/div>\n\t\t\t\t<\/div>\n\t\t\t\t<div class=\"elementor-element elementor-element-2344faa elementor-widget elementor-widget-spacer\" data-id=\"2344faa\" data-element_type=\"widget\" data-e-type=\"widget\" data-widget_type=\"spacer.default\">\n\t\t\t\t<div class=\"elementor-widget-container\">\n\t\t\t\t\t\t\t<div class=\"elementor-spacer\">\n\t\t\t<div class=\"elementor-spacer-inner\"><\/div>\n\t\t<\/div>\n\t\t\t\t\t\t<\/div>\n\t\t\t\t<\/div>\n\t\t\t\t<div class=\"elementor-element elementor-element-52acee1 elementor-widget elementor-widget-heading\" data-id=\"52acee1\" data-element_type=\"widget\" data-e-type=\"widget\" data-widget_type=\"heading.default\">\n\t\t\t\t<div class=\"elementor-widget-container\">\n\t\t\t\t\t<h3 class=\"elementor-heading-title elementor-size-default\">M\u00f6chten Sie wissen, welche Branchenveranstaltungen Sie 2025 in Europa besuchen sollten?<\/h3>\t\t\t\t<\/div>\n\t\t\t\t<\/div>\n\t\t\t\t<div class=\"elementor-element elementor-element-755d102 elementor-widget elementor-widget-text-editor\" data-id=\"755d102\" data-element_type=\"widget\" data-e-type=\"widget\" data-widget_type=\"text-editor.default\">\n\t\t\t\t<div class=\"elementor-widget-container\">\n\t\t\t\t\t\t\t\t\t<p>Dann sind Sie bei uns genau richtig!<br \/>In diesem Artikel f\u00fchren wir auf, was wir als die <strong>Top 25 (und mehr) Cannabis-Events in Europa<\/strong> die Sie nicht verpassen sollten. Sie versprechen unvergessliche Erlebnisse und unsch\u00e4tzbare Gelegenheiten, mit der globalen Cannabisgemeinschaft in Kontakt zu treten.<\/p><p>Egal, ob Sie aus dem B2B- oder B2C-Bereich kommen, ob Sie ein Freizeit- oder medizinischer Cannabisexperte sind, unsere Liste zeigt Ihnen, welche Veranstaltungen am besten f\u00fcr Ihre Networking-Bed\u00fcrfnisse geeignet sind - und garantiert sowohl f\u00fcr erfahrene Cannabis-Veteranen als auch f\u00fcr Neulinge die optimale Pr\u00e4senz.<\/p><p>Kurz gesagt, 2025 wird definitiv ein bahnbrechendes Jahr f\u00fcr die Cannabiskultur werden. In ganz Europa wird eine Vielzahl von Veranstaltungen Cannabis in all seinen Facetten zelebrieren - von pulsierenden Festivals, die Musik und Kunst pr\u00e4sentieren, bis hin zu innovativen Ausstellungen und Konferenzen, die einzigartige Einblicke in die Zukunft der Branche bieten.<\/p><p>Lumino wird an einer ganzen Reihe dieser Veranstaltungen teilnehmen (wir werden angeben, welche) - wir hoffen, Sie dort zu sehen!<\/p>\t\t\t\t\t\t\t\t<\/div>\n\t\t\t\t<\/div>\n\t\t\t\t<div class=\"elementor-element elementor-element-e4b099d elementor-widget elementor-widget-spacer\" data-id=\"e4b099d\" data-element_type=\"widget\" data-e-type=\"widget\" data-widget_type=\"spacer.default\">\n\t\t\t\t<div class=\"elementor-widget-container\">\n\t\t\t\t\t\t\t<div class=\"elementor-spacer\">\n\t\t\t<div class=\"elementor-spacer-inner\"><\/div>\n\t\t<\/div>\n\t\t\t\t\t\t<\/div>\n\t\t\t\t<\/div>\n\t\t\t\t<div class=\"elementor-element elementor-element-b934db9 elementor-widget elementor-widget-text-editor\" data-id=\"b934db9\" data-element_type=\"widget\" data-e-type=\"widget\" data-widget_type=\"text-editor.default\">\n\t\t\t\t<div class=\"elementor-widget-container\">\n\t\t\t\t\t\t\t\t\t<section class=\"elementor-section elementor-top-section elementor-element elementor-element-076f1a2 elementor-section-boxed elementor-section-height-default elementor-section-height-default\" data-id=\"076f1a2\" data-element_type=\"section\"><div class=\"elementor-container elementor-column-gap-default\"><div class=\"elementor-column elementor-col-100 elementor-top-column elementor-element elementor-element-d7dec03\" data-id=\"d7dec03\" data-element_type=\"column\"><div class=\"elementor-widget-wrap elementor-element-populated\"><div class=\"elementor-element elementor-element-df0b463 elementor-widget elementor-widget-text-editor\" data-id=\"df0b463\" data-element_type=\"widget\" data-widget_type=\"text-editor.default\"><div class=\"elementor-widget-container\"><p><strong>Suche nach Cannabis-Veranstaltungen in Europa nach Monat:<\/strong><\/p><\/div><\/div><div class=\"elementor-element elementor-element-f257dbb elementor-widget elementor-widget-text-editor\" data-id=\"f257dbb\" data-element_type=\"widget\" data-widget_type=\"text-editor.default\"><div class=\"elementor-widget-container\"><ul><li><a href=\"#january\">Cannabis-Veranstaltungen im Januar<\/a>\u00a0(1)<\/li><li><a href=\"#february\">Cannabis-Veranstaltungen im Februar<\/a>\u00a0(1)<\/li><li><a href=\"#march\">Cannabis-Veranstaltungen im M\u00e4rz<\/a> (4)<\/li><li><a href=\"#april\">Cannabis-Veranstaltungen im April<\/a>\u00a0(5)<\/li><li><a href=\"#may\">Cannabis-Veranstaltungen im Mai<\/a>\u00a0(3)<\/li><li><a href=\"#june\">Cannabis-Veranstaltungen im Juni<\/a>\u00a0(5)<\/li><li><a href=\"#august\">Cannabis-Veranstaltungen im August<\/a>\u00a0(1)<\/li><li><a href=\"#september\">Cannabis-Veranstaltungen im September<\/a>\u00a0(3)<\/li><li><a href=\"#october\">Cannabis-Veranstaltungen im Oktober<\/a>\u00a0(1)<\/li><li><a href=\"#november\">Cannabis-Veranstaltungen im November<\/a>\u00a0(1)<\/li><\/ul><\/div><\/div><\/div><\/div><\/div><\/section>\t\t\t\t\t\t\t\t<\/div>\n\t\t\t\t<\/div>\n\t\t\t\t<div class=\"elementor-element elementor-element-72a2dec elementor-widget elementor-widget-spacer\" data-id=\"72a2dec\" data-element_type=\"widget\" data-e-type=\"widget\" data-widget_type=\"spacer.default\">\n\t\t\t\t<div class=\"elementor-widget-container\">\n\t\t\t\t\t\t\t<div class=\"elementor-spacer\">\n\t\t\t<div class=\"elementor-spacer-inner\"><\/div>\n\t\t<\/div>\n\t\t\t\t\t\t<\/div>\n\t\t\t\t<\/div>\n\t\t\t\t<div class=\"elementor-element elementor-element-0d5ddcc elementor-widget elementor-widget-heading\" data-id=\"0d5ddcc\" data-element_type=\"widget\" data-e-type=\"widget\" data-widget_type=\"heading.default\">\n\t\t\t\t<div class=\"elementor-widget-container\">\n\t\t\t\t\t<h2 class=\"elementor-heading-title elementor-size-default\">Die wichtigsten Cannabis-Events in Europa 2025 auf einen Blick<\/h2>\t\t\t\t<\/div>\n\t\t\t\t<\/div>\n\t\t\t\t<div class=\"elementor-element elementor-element-78babc0 elementor-widget elementor-widget-spacer\" data-id=\"78babc0\" data-element_type=\"widget\" data-e-type=\"widget\" data-widget_type=\"spacer.default\">\n\t\t\t\t<div class=\"elementor-widget-container\">\n\t\t\t\t\t\t\t<div class=\"elementor-spacer\">\n\t\t\t<div class=\"elementor-spacer-inner\"><\/div>\n\t\t<\/div>\n\t\t\t\t\t\t<\/div>\n\t\t\t\t<\/div>\n\t\t\t\t<div class=\"elementor-element elementor-element-92d7600 elementor-widget elementor-widget-image\" data-id=\"92d7600\" data-element_type=\"widget\" data-e-type=\"widget\" data-widget_type=\"image.default\">\n\t\t\t\t<div class=\"elementor-widget-container\">\n\t\t\t\t\t\t\t\t\t\t\t\t\t\t\t<img decoding=\"async\" width=\"819\" height=\"1024\" src=\"https:\/\/luminorecruit.com\/wp-content\/uploads\/2025\/02\/2025-Cannabis-Events-Calendar-819x1024.webp\" class=\"attachment-large size-large wp-image-3062\" alt=\"Kalender der Cannabis-Veranstaltungen in Europa im Jahr 2025\" srcset=\"https:\/\/luminorecruit.com\/wp-content\/uploads\/2025\/02\/2025-Cannabis-Events-Calendar-819x1024.webp 819w, https:\/\/luminorecruit.com\/wp-content\/uploads\/2025\/02\/2025-Cannabis-Events-Calendar-240x300.webp 240w, https:\/\/luminorecruit.com\/wp-content\/uploads\/2025\/02\/2025-Cannabis-Events-Calendar-768x960.webp 768w, https:\/\/luminorecruit.com\/wp-content\/uploads\/2025\/02\/2025-Cannabis-Events-Calendar.webp 1080w\" sizes=\"(max-width: 819px) 100vw, 819px\" \/>\t\t\t\t\t\t\t\t\t\t\t\t\t\t\t<\/div>\n\t\t\t\t<\/div>\n\t\t\t\t<div class=\"elementor-element elementor-element-9b9ca77 elementor-widget elementor-widget-text-editor\" data-id=\"9b9ca77\" data-element_type=\"widget\" data-e-type=\"widget\" data-widget_type=\"text-editor.default\">\n\t\t\t\t<div class=\"elementor-widget-container\">\n\t\t\t\t\t\t\t\t\t<p>\ud83d\udca1<strong>Profi-Tipp: <\/strong>Erleichtern Sie sich die Planung Ihrer Reisen, indem Sie diesen 2025 Cannabis Events Kalender speichern und an Ihr Team senden.<\/p>\t\t\t\t\t\t\t\t<\/div>\n\t\t\t\t<\/div>\n\t\t\t\t<div class=\"elementor-element elementor-element-4bdedfb elementor-widget elementor-widget-spacer\" data-id=\"4bdedfb\" data-element_type=\"widget\" data-e-type=\"widget\" data-widget_type=\"spacer.default\">\n\t\t\t\t<div class=\"elementor-widget-container\">\n\t\t\t\t\t\t\t<div class=\"elementor-spacer\">\n\t\t\t<div class=\"elementor-spacer-inner\"><\/div>\n\t\t<\/div>\n\t\t\t\t\t\t<\/div>\n\t\t\t\t<\/div>\n\t\t\t\t<div class=\"elementor-element elementor-element-26fb83a elementor-widget elementor-widget-text-editor\" data-id=\"26fb83a\" data-element_type=\"widget\" data-e-type=\"widget\" data-widget_type=\"text-editor.default\">\n\t\t\t\t<div class=\"elementor-widget-container\">\n\t\t\t\t\t\t\t\t\t<div id=\"january\" class=\"elementor-element elementor-element-c426d13 elementor-widget elementor-widget-text-editor\" data-id=\"c426d13\" data-element_type=\"widget\" data-widget_type=\"text-editor.default\">\n<div class=\"elementor-widget-container\">\n<h2 id=\"january\" class=\"wp-block-heading has-text-align-center has-white-color has-text-color has-background has-link-color\" style=\"background: linear-gradient(135deg,#576fee 13%,#41bcc1 100%); border-radius: 20px; padding: 30px; text-align: center;\"><strong>JANUAR 2025 - CANNABIS-VERANSTALTUNG<\/strong><\/h2>\n<\/div>\n<\/div>\t\t\t\t\t\t\t\t<\/div>\n\t\t\t\t<\/div>\n\t\t\t\t<div class=\"elementor-element elementor-element-040ef50 elementor-widget elementor-widget-spacer\" data-id=\"040ef50\" data-element_type=\"widget\" data-e-type=\"widget\" data-widget_type=\"spacer.default\">\n\t\t\t\t<div class=\"elementor-widget-container\">\n\t\t\t\t\t\t\t<div class=\"elementor-spacer\">\n\t\t\t<div class=\"elementor-spacer-inner\"><\/div>\n\t\t<\/div>\n\t\t\t\t\t\t<\/div>\n\t\t\t\t<\/div>\n\t\t\t\t<div class=\"elementor-element elementor-element-ccf24f8 elementor-widget elementor-widget-text-editor\" data-id=\"ccf24f8\" data-element_type=\"widget\" data-e-type=\"widget\" data-widget_type=\"text-editor.default\">\n\t\t\t\t<div class=\"elementor-widget-container\">\n\t\t\t\t\t\t\t\t\t<h3 class=\"wp-block-heading has-large-font-size\"><a href=\"https:\/\/www.ipm-essen.de\/weltleitmesse\/\" target=\"_blank\" rel=\"noopener\"><strong>IPM Essen<\/strong><\/a><\/h3><p><strong>Expo\u00a0<\/strong>| Wo:\u00a0<strong>Essen, Deutschland\u00a0<\/strong>| Wann:\u00a0<strong>28-31 Januar 2025<\/strong><br \/>70% B2B - 30% B2C | Gartenbau<\/p><p>Obwohl die IPM Essen keine spezifische Cannabis-Veranstaltung ist, ist sie die weltweit f\u00fchrende Fachmesse f\u00fcr\u00a0<strong>Gartenbau<\/strong>. Die von der International Association of Horticultural Producers (AIPH) genehmigte Messe umfasst die gesamte Wertsch\u00f6pfungskette von Pflanzen, einschlie\u00dflich Produktion, Technik, Floristik, Gartenausstattung und Verkaufskonzepte. Die Organisatoren erwarten rund\u00a0<strong>36.000 Teilnehmerinnen und Teilnehmer<\/strong>\u00a0aus rund 50 L\u00e4ndern &amp; \u00fcber\u00a0<strong>1.400 Aussteller<\/strong>\u00a0die an der Veranstaltung teilnehmen werden.<\/p><p><strong>\ud83c\udfab <a href=\"https:\/\/www.ipm-essen.de\/tickets\/index-18.html\" target=\"_blank\" rel=\"noopener\">Eintrittskarten<\/a><\/strong>kosten, wenn sie online gekauft werden\u00a0<strong>\u20ac29<\/strong>\u00a0(1 Tag),\u00a0<strong>\u20ac45\u00a0<\/strong>(2-Tage), und\u00a0<strong>\u20ac72<\/strong>\u00a0(gesamte Veranstaltung).<\/p>\t\t\t\t\t\t\t\t<\/div>\n\t\t\t\t<\/div>\n\t\t\t\t<div class=\"elementor-element elementor-element-e66a1f7 elementor-widget elementor-widget-spacer\" data-id=\"e66a1f7\" data-element_type=\"widget\" data-e-type=\"widget\" data-widget_type=\"spacer.default\">\n\t\t\t\t<div class=\"elementor-widget-container\">\n\t\t\t\t\t\t\t<div class=\"elementor-spacer\">\n\t\t\t<div class=\"elementor-spacer-inner\"><\/div>\n\t\t<\/div>\n\t\t\t\t\t\t<\/div>\n\t\t\t\t<\/div>\n\t\t\t\t<div class=\"elementor-element elementor-element-5cb2d75 elementor-widget elementor-widget-image\" data-id=\"5cb2d75\" data-element_type=\"widget\" data-e-type=\"widget\" data-widget_type=\"image.default\">\n\t\t\t\t<div class=\"elementor-widget-container\">\n\t\t\t\t\t\t\t\t\t\t\t\t\t\t\t<img decoding=\"async\" width=\"1024\" height=\"288\" src=\"https:\/\/luminorecruit.com\/wp-content\/uploads\/2025\/02\/ipmessen3-1024x288.webp\" class=\"attachment-large size-large wp-image-2249\" alt=\"IPM Essen in Essen, Deutschland - cannabis event europe 2025\" srcset=\"https:\/\/luminorecruit.com\/wp-content\/uploads\/2025\/02\/ipmessen3-1024x288.webp 1024w, https:\/\/luminorecruit.com\/wp-content\/uploads\/2025\/02\/ipmessen3-300x84.webp 300w, https:\/\/luminorecruit.com\/wp-content\/uploads\/2025\/02\/ipmessen3-768x216.webp 768w, https:\/\/luminorecruit.com\/wp-content\/uploads\/2025\/02\/ipmessen3-1536x432.webp 1536w, https:\/\/luminorecruit.com\/wp-content\/uploads\/2025\/02\/ipmessen3.webp 1920w\" sizes=\"(max-width: 1024px) 100vw, 1024px\" \/>\t\t\t\t\t\t\t\t\t\t\t\t\t\t\t<\/div>\n\t\t\t\t<\/div>\n\t\t\t\t<div class=\"elementor-element elementor-element-237884d elementor-widget elementor-widget-spacer\" data-id=\"237884d\" data-element_type=\"widget\" data-e-type=\"widget\" data-widget_type=\"spacer.default\">\n\t\t\t\t<div class=\"elementor-widget-container\">\n\t\t\t\t\t\t\t<div class=\"elementor-spacer\">\n\t\t\t<div class=\"elementor-spacer-inner\"><\/div>\n\t\t<\/div>\n\t\t\t\t\t\t<\/div>\n\t\t\t\t<\/div>\n\t\t\t\t<div class=\"elementor-element elementor-element-48bd4de elementor-widget elementor-widget-text-editor\" data-id=\"48bd4de\" data-element_type=\"widget\" data-e-type=\"widget\" data-widget_type=\"text-editor.default\">\n\t\t\t\t<div class=\"elementor-widget-container\">\n\t\t\t\t\t\t\t\t\t<div id=\"february\" class=\"elementor-element elementor-element-c426d13 elementor-widget elementor-widget-text-editor\" data-id=\"c426d13\" data-element_type=\"widget\" data-widget_type=\"text-editor.default\"><div class=\"elementor-widget-container\"><h2 id=\"february\" class=\"wp-block-heading has-text-align-center has-white-color has-text-color has-background has-link-color\" style=\"background: linear-gradient(135deg,#576fee 13%,#41bcc1 100%); border-radius: 20px; padding: 30px; text-align: center;\"><strong>FEBRUAR 2025 - CANNABIS-VERANSTALTUNG<\/strong><\/h2><\/div><\/div>\t\t\t\t\t\t\t\t<\/div>\n\t\t\t\t<\/div>\n\t\t\t\t<div class=\"elementor-element elementor-element-250e54f elementor-widget elementor-widget-spacer\" data-id=\"250e54f\" data-element_type=\"widget\" data-e-type=\"widget\" data-widget_type=\"spacer.default\">\n\t\t\t\t<div class=\"elementor-widget-container\">\n\t\t\t\t\t\t\t<div class=\"elementor-spacer\">\n\t\t\t<div class=\"elementor-spacer-inner\"><\/div>\n\t\t<\/div>\n\t\t\t\t\t\t<\/div>\n\t\t\t\t<\/div>\n\t\t\t\t<div class=\"elementor-element elementor-element-2091343 elementor-widget elementor-widget-text-editor\" data-id=\"2091343\" data-element_type=\"widget\" data-e-type=\"widget\" data-widget_type=\"text-editor.default\">\n\t\t\t\t<div class=\"elementor-widget-container\">\n\t\t\t\t\t\t\t\t\t<h3 class=\"wp-block-heading has-large-font-size\"><strong><a href=\"https:\/\/www.imccb.org\/\" target=\"_blank\" rel=\"noopener\">IMCCB-25<\/a><\/strong><\/h3><p><strong>Konferenz\u00a0<\/strong>| Wo:\u00a0<strong>Bern, Schweiz\u00a0<\/strong>| Wann:\u00a0<strong>13-14 Februar 2025<\/strong><br \/>80% B2B - 20% B2C | 90% Medizin - 10% Freizeit<\/p><p class=\"has-text-color has-link-color\" style=\"color: #41bcc1;\"><strong>\u2726<\/strong> <strong>Lumino wird bei dieser Veranstaltung anwesend sein!<\/strong><\/p><p>Organisiert vom Institut f\u00fcr Biochemie und Molekulare Medizin (IBMM), ist die <strong>Internationale Konferenz \u00fcber medizinisches Cannabis<\/strong>\u00a0dient als Plattform f\u00fcr f\u00fchrende Forscher, Kliniker, Fachleute aus der Industrie und Meinungsf\u00fchrer aus der ganzen Welt, um zusammenzuarbeiten und das Gebiet der\u00a0<strong>medizinischer Cannabis<\/strong>. Der Schwerpunkt liegt auf dem Wissensaustausch, der Innovation und der F\u00f6rderung von Verbesserungen in der Patientenversorgung und therapeutischen Anwendungen. Aufbauend auf dem Erfolg fr\u00fcherer Schweizer Cannabis-Kongresse wird die Konferenz von Prof. J\u00fcrg Gertsch (IBMM) und Rudolf Brenneisen (SAPhW) geleitet.<\/p><p><strong>\ud83c\udfab <a href=\"https:\/\/imccb.org\/\" target=\"_blank\" rel=\"noopener\" data-type=\"link\" data-id=\"https:\/\/imccb.org\/\">Eintrittskarten<\/a><\/strong>\u00a0f\u00fcr die gesamten Veranstaltungskosten\u00a0<strong>325 CHF<\/strong>\u00a0(regul\u00e4re Tickets) oder\u00a0<strong>555 CHF<\/strong> (Industrietickets).<\/p>\t\t\t\t\t\t\t\t<\/div>\n\t\t\t\t<\/div>\n\t\t\t\t<div class=\"elementor-element elementor-element-12a6483 elementor-widget elementor-widget-spacer\" data-id=\"12a6483\" data-element_type=\"widget\" data-e-type=\"widget\" data-widget_type=\"spacer.default\">\n\t\t\t\t<div class=\"elementor-widget-container\">\n\t\t\t\t\t\t\t<div class=\"elementor-spacer\">\n\t\t\t<div class=\"elementor-spacer-inner\"><\/div>\n\t\t<\/div>\n\t\t\t\t\t\t<\/div>\n\t\t\t\t<\/div>\n\t\t\t\t<div class=\"elementor-element elementor-element-8a2cf1e elementor-widget elementor-widget-text-editor\" data-id=\"8a2cf1e\" data-element_type=\"widget\" data-e-type=\"widget\" data-widget_type=\"text-editor.default\">\n\t\t\t\t<div class=\"elementor-widget-container\">\n\t\t\t\t\t\t\t\t\t<div id=\"march\" class=\"elementor-element elementor-element-c426d13 elementor-widget elementor-widget-text-editor\" data-id=\"c426d13\" data-element_type=\"widget\" data-widget_type=\"text-editor.default\"><div class=\"elementor-widget-container\"><h2 id=\"march\" class=\"wp-block-heading has-text-align-center has-white-color has-text-color has-background has-link-color\" style=\"background: linear-gradient(135deg,#576fee 13%,#41bcc1 100%); border-radius: 20px; padding: 30px; text-align: center;\"><strong>M\u00c4RZ 2025 - CANNABIS-VERANSTALTUNGEN<\/strong><\/h2><\/div><\/div>\t\t\t\t\t\t\t\t<\/div>\n\t\t\t\t<\/div>\n\t\t\t\t<div class=\"elementor-element elementor-element-935df9c elementor-widget elementor-widget-spacer\" data-id=\"935df9c\" data-element_type=\"widget\" data-e-type=\"widget\" data-widget_type=\"spacer.default\">\n\t\t\t\t<div class=\"elementor-widget-container\">\n\t\t\t\t\t\t\t<div class=\"elementor-spacer\">\n\t\t\t<div class=\"elementor-spacer-inner\"><\/div>\n\t\t<\/div>\n\t\t\t\t\t\t<\/div>\n\t\t\t\t<\/div>\n\t\t\t\t<div class=\"elementor-element elementor-element-e19972a elementor-widget elementor-widget-text-editor\" data-id=\"e19972a\" data-element_type=\"widget\" data-e-type=\"widget\" data-widget_type=\"text-editor.default\">\n\t\t\t\t<div class=\"elementor-widget-container\">\n\t\t\t\t\t\t\t\t\t<h3 class=\"wp-block-heading has-large-font-size\"><strong><a href=\"https:\/\/www.cannabis-summit.com\/\" target=\"_blank\" rel=\"noopener\">The Cannabis Summit<\/a><\/strong><\/h3><p><strong>Konferenz\u00a0<\/strong>| Wo:\u00a0<strong>Den Haag, Niederlande\u00a0<\/strong>| Wann:\u00a0<strong>7. M\u00e4rz 2025<\/strong><br \/>100% B2B | 90% Medizinisch - 10% Freizeit<\/p><p>Diese j\u00e4hrlich im World Horti Center in Den Haag stattfindende\u00a0<strong>Erstes Cannabis-Event<\/strong>\u00a0versammelt Branchenf\u00fchrer, Investoren und Fachleute aus der Branche, um unter dem Motto \"Cultivating Excellence\" \u00fcber Anbau, Investitionen, Technologie und regulatorische Trends zu diskutieren. Der Schwerpunkt des Gipfels liegt auf dem Gleichgewicht zwischen Rentabilit\u00e4t und \u00f6kologischer Verantwortung, wobei die Cannabis-Lieferkette umfassend behandelt wird. Die Veranstaltung sch\u00e4tzt \u00fcber\u00a0<strong>200 Teilnehmende<\/strong>\u00a0und\u00a0<strong>30 Aussteller<\/strong>\u00a0anwesend zu sein.<\/p><p>\ud83c\udfab A<strong>\u00a0<a href=\"https:\/\/www.cannabis-summit.com\/events\/cannabis-summit-world-horti-center-den-haag-7-march-2025\" target=\"_blank\" rel=\"noopener\">Ticket<\/a>\u00a0<\/strong>Kosten\u00a0<strong>\u20ac 256.25<\/strong>. Code verwenden\u00a0<strong>\"HA25NAKS\"<\/strong>\u00a0an der Kasse f\u00fcr einen zus\u00e4tzlichen Rabatt von 50 \u20ac (vor dem 1. M\u00e4rz).<\/p>\t\t\t\t\t\t\t\t<\/div>\n\t\t\t\t<\/div>\n\t\t\t\t<div class=\"elementor-element elementor-element-2178c92 elementor-widget elementor-widget-spacer\" data-id=\"2178c92\" data-element_type=\"widget\" data-e-type=\"widget\" data-widget_type=\"spacer.default\">\n\t\t\t\t<div class=\"elementor-widget-container\">\n\t\t\t\t\t\t\t<div class=\"elementor-spacer\">\n\t\t\t<div class=\"elementor-spacer-inner\"><\/div>\n\t\t<\/div>\n\t\t\t\t\t\t<\/div>\n\t\t\t\t<\/div>\n\t\t\t\t<div class=\"elementor-element elementor-element-ea6a06f elementor-widget elementor-widget-image\" data-id=\"ea6a06f\" data-element_type=\"widget\" data-e-type=\"widget\" data-widget_type=\"image.default\">\n\t\t\t\t<div class=\"elementor-widget-container\">\n\t\t\t\t\t\t\t\t\t\t\t\t\t\t\t<img loading=\"lazy\" decoding=\"async\" width=\"1024\" height=\"288\" src=\"https:\/\/luminorecruit.com\/wp-content\/uploads\/2025\/02\/cannabissummit_netherlands2-1024x288.webp\" class=\"attachment-large size-large wp-image-2240\" alt=\"Der Cannabis-Gipfel in den Niederlanden - ein Cannabis-Event Europa 2025\" srcset=\"https:\/\/luminorecruit.com\/wp-content\/uploads\/2025\/02\/cannabissummit_netherlands2-1024x288.webp 1024w, https:\/\/luminorecruit.com\/wp-content\/uploads\/2025\/02\/cannabissummit_netherlands2-300x84.webp 300w, https:\/\/luminorecruit.com\/wp-content\/uploads\/2025\/02\/cannabissummit_netherlands2-768x216.webp 768w, https:\/\/luminorecruit.com\/wp-content\/uploads\/2025\/02\/cannabissummit_netherlands2-1536x432.webp 1536w, https:\/\/luminorecruit.com\/wp-content\/uploads\/2025\/02\/cannabissummit_netherlands2.webp 1920w\" sizes=\"(max-width: 1024px) 100vw, 1024px\" \/>\t\t\t\t\t\t\t\t\t\t\t\t\t\t\t<\/div>\n\t\t\t\t<\/div>\n\t\t\t\t<div class=\"elementor-element elementor-element-73599f9 elementor-widget elementor-widget-spacer\" data-id=\"73599f9\" data-element_type=\"widget\" data-e-type=\"widget\" data-widget_type=\"spacer.default\">\n\t\t\t\t<div class=\"elementor-widget-container\">\n\t\t\t\t\t\t\t<div class=\"elementor-spacer\">\n\t\t\t<div class=\"elementor-spacer-inner\"><\/div>\n\t\t<\/div>\n\t\t\t\t\t\t<\/div>\n\t\t\t\t<\/div>\n\t\t\t\t<div class=\"elementor-element elementor-element-1b1314a elementor-widget elementor-widget-text-editor\" data-id=\"1b1314a\" data-element_type=\"widget\" data-e-type=\"widget\" data-widget_type=\"text-editor.default\">\n\t\t\t\t<div class=\"elementor-widget-container\">\n\t\t\t\t\t\t\t\t\t<h3 class=\"wp-block-heading has-large-font-size\"><strong><a href=\"https:\/\/cannabis-hub.org\/\" target=\"_blank\" rel=\"noopener\">CDays<\/a><\/strong><\/h3><p><strong>Konferenz und Ausstellung<\/strong>\u00a0| Wo:\u00a0<strong>Barcelona, Spanien\u00a0<\/strong>| Wann:\u00a0<strong>12. M\u00e4rz 2025<\/strong><br \/>90% B2B - 10% B2C | 50% Medizin - 50% Freizeit<\/p><p class=\"has-text-color has-link-color\" style=\"color: #41bcc1;\"><strong>\u2726<\/strong> <strong>Lumino wird bei dieser Veranstaltung anwesend sein!<\/strong><\/p><p>Die CDays sind als Bildungs- und Netzwerkzentrum konzipiert und bringen Fachleute und Organisationen aus dem gesamten Cannabissektor zusammen, um Erkenntnisse, Innovationen und Forschungsergebnisse auszutauschen. Die Veranstaltung umfasst Diskussionen zu Themen wie <strong>Medizinisches Cannabis, Wissenschaft, evidenzbasierte Praktiken und Fortschritte in der Branche<\/strong>. Es zielt darauf ab, die Zusammenarbeit und den Wissensaustausch innerhalb des wachsenden Cannabismarktes zu f\u00f6rdern und erg\u00e4nzt die umfassenderen Initiativen des Cannabis Research Hub in Spanien. \u00dcber\u00a0<strong>200 Teilnehmende<\/strong>\u00a0werden zu der Veranstaltung erwartet.<\/p><p>\ud83c\udfab Die Anwesenheit ist\u00a0<strong>KOSTENLOS<\/strong>, Holen Sie sich Ihre Tickets\u00a0<a href=\"https:\/\/cannabis-hub.org\/cdays-tickets-barcelona\/\" target=\"_blank\" rel=\"noopener\"><strong>hier<\/strong><\/a>.<\/p>\t\t\t\t\t\t\t\t<\/div>\n\t\t\t\t<\/div>\n\t\t\t\t<div class=\"elementor-element elementor-element-4c3f26b elementor-widget elementor-widget-spacer\" data-id=\"4c3f26b\" data-element_type=\"widget\" data-e-type=\"widget\" data-widget_type=\"spacer.default\">\n\t\t\t\t<div class=\"elementor-widget-container\">\n\t\t\t\t\t\t\t<div class=\"elementor-spacer\">\n\t\t\t<div class=\"elementor-spacer-inner\"><\/div>\n\t\t<\/div>\n\t\t\t\t\t\t<\/div>\n\t\t\t\t<\/div>\n\t\t\t\t<div class=\"elementor-element elementor-element-c2affa2 elementor-widget elementor-widget-text-editor\" data-id=\"c2affa2\" data-element_type=\"widget\" data-e-type=\"widget\" data-widget_type=\"text-editor.default\">\n\t\t\t\t<div class=\"elementor-widget-container\">\n\t\t\t\t\t\t\t\t\t<h3 class=\"wp-block-heading has-large-font-size\"><strong><a href=\"https:\/\/internationalcbc.com\/barcelona\/\" target=\"_blank\" rel=\"noopener\">ICBC (International Cannabis Business Conference)<\/a><\/strong><\/h3><p><strong>Konferenz und Ausstellung\u00a0<\/strong>| Wo:\u00a0<strong>Barcelona, Spanien\u00a0<\/strong>| Wann:\u00a0<strong>13. M\u00e4rz 2025<\/strong><br \/>100% B2B | 70% Medizinisch - 30% Freizeit<\/p><p class=\"has-text-color has-link-color\" style=\"color: #41bcc1;\"><strong>\u2726<\/strong> <strong>Lumino wird bei dieser Veranstaltung anwesend sein!<\/strong><\/p><p class=\"has-text-color has-link-color\">Diese gro\u00dfe Cannabis-Veranstaltung, die im L'Auditori de Cornell\u00e0 stattfindet, wird in Zusammenarbeit mit Spannabis abgehalten und gilt als eines der gr\u00f6\u00dften Treffen der Branche, das gesch\u00e4ftliche Kontakte, Bildungsveranstaltungen und kulturelle Erlebnisse miteinander verbindet. Die Veranstaltung bringt \u00fcber\u00a0<strong>1,000<\/strong>\u00a0Fachleute aus der Branche, darunter politische Entscheidungstr\u00e4ger, Investoren, Unternehmer und Branchenf\u00fchrer, zu diskutieren\u00a0<strong>Cannabispolitik, Markttrends und Gesch\u00e4ftsstrategien<\/strong>. Die Konferenz bietet unvergleichliche Networking-M\u00f6glichkeiten, branchenf\u00fchrende Redner, Ausstellungen und eine VIP-Party am Abend, was sie zu einem wichtigen Ereignis f\u00fcr alle macht, die in der Cannabisbranche erfolgreich sein wollen.<\/p><p><strong>\ud83c\udfab <a href=\"https:\/\/internationalcbc.com\/icbc-buy-tickets\/#barcelona\" target=\"_blank\" rel=\"noopener\">Eintrittskarten<\/a>\u00a0<\/strong>starten von\u00a0<strong>US$ 349<\/strong>\u00a0(Fr\u00fchbucherpreis bis zum 19. Februar 2025).<\/p>\t\t\t\t\t\t\t\t<\/div>\n\t\t\t\t<\/div>\n\t\t\t\t<div class=\"elementor-element elementor-element-a53c86c elementor-widget elementor-widget-spacer\" data-id=\"a53c86c\" data-element_type=\"widget\" data-e-type=\"widget\" data-widget_type=\"spacer.default\">\n\t\t\t\t<div class=\"elementor-widget-container\">\n\t\t\t\t\t\t\t<div class=\"elementor-spacer\">\n\t\t\t<div class=\"elementor-spacer-inner\"><\/div>\n\t\t<\/div>\n\t\t\t\t\t\t<\/div>\n\t\t\t\t<\/div>\n\t\t\t\t<div class=\"elementor-element elementor-element-d8cc72f elementor-widget elementor-widget-image\" data-id=\"d8cc72f\" data-element_type=\"widget\" data-e-type=\"widget\" data-widget_type=\"image.default\">\n\t\t\t\t<div class=\"elementor-widget-container\">\n\t\t\t\t\t\t\t\t\t\t\t\t\t\t\t<img loading=\"lazy\" decoding=\"async\" width=\"1024\" height=\"288\" src=\"https:\/\/luminorecruit.com\/wp-content\/uploads\/2025\/02\/icbc_barcelona2-1024x288.webp\" class=\"attachment-large size-large wp-image-2245\" alt=\"ICBC in Barcelona, Spanien - Cannabisveranstaltung Europa 2025\" srcset=\"https:\/\/luminorecruit.com\/wp-content\/uploads\/2025\/02\/icbc_barcelona2-1024x288.webp 1024w, https:\/\/luminorecruit.com\/wp-content\/uploads\/2025\/02\/icbc_barcelona2-300x84.webp 300w, https:\/\/luminorecruit.com\/wp-content\/uploads\/2025\/02\/icbc_barcelona2-768x216.webp 768w, https:\/\/luminorecruit.com\/wp-content\/uploads\/2025\/02\/icbc_barcelona2-1536x432.webp 1536w, https:\/\/luminorecruit.com\/wp-content\/uploads\/2025\/02\/icbc_barcelona2.webp 1920w\" sizes=\"(max-width: 1024px) 100vw, 1024px\" \/>\t\t\t\t\t\t\t\t\t\t\t\t\t\t\t<\/div>\n\t\t\t\t<\/div>\n\t\t\t\t<div class=\"elementor-element elementor-element-c36378c elementor-widget elementor-widget-spacer\" data-id=\"c36378c\" data-element_type=\"widget\" data-e-type=\"widget\" data-widget_type=\"spacer.default\">\n\t\t\t\t<div class=\"elementor-widget-container\">\n\t\t\t\t\t\t\t<div class=\"elementor-spacer\">\n\t\t\t<div class=\"elementor-spacer-inner\"><\/div>\n\t\t<\/div>\n\t\t\t\t\t\t<\/div>\n\t\t\t\t<\/div>\n\t\t\t\t<div class=\"elementor-element elementor-element-abb458f elementor-widget elementor-widget-text-editor\" data-id=\"abb458f\" data-element_type=\"widget\" data-e-type=\"widget\" data-widget_type=\"text-editor.default\">\n\t\t\t\t<div class=\"elementor-widget-container\">\n\t\t\t\t\t\t\t\t\t<h3 class=\"wp-block-heading has-large-font-size\"><strong><a href=\"https:\/\/spannabis.es\/bcn\/en\/home\/\" target=\"_blank\" rel=\"noopener\">Spannabis<\/a><\/strong><\/h3><p><strong>Ausstellung\u00a0<\/strong>| Wo:\u00a0<strong>Barcelona, Spanien\u00a0<\/strong>| Wann:\u00a0<strong>14-16 M\u00e4rz 2025<\/strong><br \/>30% B2B - 70% B2C | 20% Medizin - 80% Freizeit<\/p><p class=\"has-text-color has-link-color\" style=\"color: #41bcc1;\"><strong>\u2726<\/strong> <strong>Lumino wird bei dieser Veranstaltung anwesend sein!<\/strong><\/p><p class=\"has-text-color has-link-color\">Europas wichtigste Cannabis-Messe, auf der die neuesten Produkte, Innovationen und Trends der Cannabis-Industrie vorgestellt werden, darunter\u00a0<strong>Cannabissamen, Anbauger\u00e4te, CBD-Produkte und Raucherzubeh\u00f6r<\/strong>. Au\u00dferdem findet die zw\u00f6lfte Ausgabe der Welt-Cannabis-Konferenz statt, auf der wissenschaftliche, medizinische, politische und regulatorische Aspekte von Cannabis diskutiert werden. Die Spannabis ist ein wichtiger Treffpunkt f\u00fcr Fachleute, Enthusiasten und Unternehmen und bietet Networking-M\u00f6glichkeiten, Workshops und Ausstellungen. Ein wichtiger H\u00f6hepunkt der Veranstaltung ist der Cannabis Champions Cup, ein Wettbewerb, bei dem herausragende Cannabissorten ausgezeichnet werden. Zu der Veranstaltung werden etwa\u00a0<strong>4.000 Teilnehmerinnen und Teilnehmer<\/strong>\u00a0&amp; vorbei\u00a0<strong>200 Aussteller<\/strong>. Die Spannabis ist eine der am meisten erwarteten Cannabis-Veranstaltungen in Europa im Jahr 2025.<\/p><p><strong>\ud83c\udfab <\/strong><a href=\"https:\/\/spannabis.es\/bcn\/en\/home\/#tickets2\" target=\"_blank\" rel=\"noopener\"><strong>Eintrittskarten<\/strong><\/a>\u00a0Kosten\u00a0<strong>\u20ac24<\/strong>\u00a0(1 Tag) und\u00a0<strong>\u20ac53<\/strong> (gesamte Veranstaltung).<\/p>\t\t\t\t\t\t\t\t<\/div>\n\t\t\t\t<\/div>\n\t\t\t\t<div class=\"elementor-element elementor-element-ed8dd16 elementor-widget elementor-widget-spacer\" data-id=\"ed8dd16\" data-element_type=\"widget\" data-e-type=\"widget\" data-widget_type=\"spacer.default\">\n\t\t\t\t<div class=\"elementor-widget-container\">\n\t\t\t\t\t\t\t<div class=\"elementor-spacer\">\n\t\t\t<div class=\"elementor-spacer-inner\"><\/div>\n\t\t<\/div>\n\t\t\t\t\t\t<\/div>\n\t\t\t\t<\/div>\n\t\t\t\t<div class=\"elementor-element elementor-element-03a6c5b elementor-widget elementor-widget-text-editor\" data-id=\"03a6c5b\" data-element_type=\"widget\" data-e-type=\"widget\" data-widget_type=\"text-editor.default\">\n\t\t\t\t<div class=\"elementor-widget-container\">\n\t\t\t\t\t\t\t\t\t<div id=\"april\" class=\"elementor-element elementor-element-c426d13 elementor-widget elementor-widget-text-editor\" data-id=\"c426d13\" data-element_type=\"widget\" data-widget_type=\"text-editor.default\"><div class=\"elementor-widget-container\"><h2 id=\"april\" class=\"wp-block-heading has-text-align-center has-white-color has-text-color has-background has-link-color\" style=\"background: linear-gradient(135deg,#576fee 13%,#41bcc1 100%); border-radius: 20px; padding: 30px; text-align: center;\"><strong>APRIL 2025 - CANNABIS-VERANSTALTUNGEN<\/strong><\/h2><\/div><\/div>\t\t\t\t\t\t\t\t<\/div>\n\t\t\t\t<\/div>\n\t\t\t\t<div class=\"elementor-element elementor-element-dd64d4a elementor-widget elementor-widget-spacer\" data-id=\"dd64d4a\" data-element_type=\"widget\" data-e-type=\"widget\" data-widget_type=\"spacer.default\">\n\t\t\t\t<div class=\"elementor-widget-container\">\n\t\t\t\t\t\t\t<div class=\"elementor-spacer\">\n\t\t\t<div class=\"elementor-spacer-inner\"><\/div>\n\t\t<\/div>\n\t\t\t\t\t\t<\/div>\n\t\t\t\t<\/div>\n\t\t\t\t<div class=\"elementor-element elementor-element-c13a505 elementor-widget elementor-widget-text-editor\" data-id=\"c13a505\" data-element_type=\"widget\" data-e-type=\"widget\" data-widget_type=\"text-editor.default\">\n\t\t\t\t<div class=\"elementor-widget-container\">\n\t\t\t\t\t\t\t\t\t<h3 class=\"wp-block-heading has-large-font-size\"><strong><a href=\"https:\/\/www.evo-nxt.com\/\" target=\"_blank\" rel=\"noopener\">EVO NXT<\/a><\/strong><\/h3><p><strong>Ausstellung und Konferenz\u00a0<\/strong>| Wo:\u00a0<strong>Mailand, Italien\u00a0<\/strong>| Wann:\u00a0<strong>3-4 April 2025<\/strong><br \/>70% B2B - 30% B2C | 40% Medizin - 60% Freizeit<\/p><p class=\"has-text-color has-link-color\" style=\"color: #41bcc1;\"><strong>\u2726<\/strong> <strong>Lumino wird bei dieser Veranstaltung anwesend sein!<\/strong><\/p><p>EVO NXT ist viel mehr als nur eine Cannabis-Veranstaltung, es ist ein internationales Business-Festival, das sich den Produkten der n\u00e4chsten Generation (NGP) widmet und die neuesten Trends in den Bereichen E-Zigaretten, Heat-not-Burn-Produkte, Cannabidiol (CBD), Pouches und andere rauchfreie Alternativen vorstellt. Aufgeteilt in Zonen wie die O-Zone, E-Zone, Heat-Zone und Green-Zone, zeigt sie Fortschritte in <strong>alternative Nikotinprodukte, E-Zigaretten, erhitzter Tabak und hanfbasierte L\u00f6sungen<\/strong>. Neben einem internationalen Angebot an Ausstellern bietet das Festival ein umfangreiches Rahmenprogramm mit hochkar\u00e4tigen Rednern, Branchenf\u00fchrern und ausf\u00fchrlichen Diskussionen \u00fcber Schadensbegrenzung, Nachhaltigkeit, rechtliche Herausforderungen und Produktentwicklungen. \u00dcber\u00a0<strong>1.000 Teilnehmerinnen und Teilnehmer<\/strong>\u00a0und um\u00a0<strong>80 Aussteller<\/strong>\u00a0werden dort erwartet.<\/p><p>\ud83c\udfab <a href=\"https:\/\/shop.evo-nxt.com\/webshop\/37\/tickets\"><strong>Eintrittskarten<\/strong><\/a> kosten 30 \u20ac (1 Tag) und 40 \u20ac (gesamte Veranstaltung). F\u00fcr die Anmeldung ist ein Identit\u00e4tsnachweis erforderlich.<\/p>\t\t\t\t\t\t\t\t<\/div>\n\t\t\t\t<\/div>\n\t\t\t\t<div class=\"elementor-element elementor-element-6f6ed55 elementor-widget elementor-widget-spacer\" data-id=\"6f6ed55\" data-element_type=\"widget\" data-e-type=\"widget\" data-widget_type=\"spacer.default\">\n\t\t\t\t<div class=\"elementor-widget-container\">\n\t\t\t\t\t\t\t<div class=\"elementor-spacer\">\n\t\t\t<div class=\"elementor-spacer-inner\"><\/div>\n\t\t<\/div>\n\t\t\t\t\t\t<\/div>\n\t\t\t\t<\/div>\n\t\t\t\t<div class=\"elementor-element elementor-element-c40a9e3 elementor-widget elementor-widget-text-editor\" data-id=\"c40a9e3\" data-element_type=\"widget\" data-e-type=\"widget\" data-widget_type=\"text-editor.default\">\n\t\t\t\t<div class=\"elementor-widget-container\">\n\t\t\t\t\t\t\t\t\t<h3 class=\"wp-block-heading has-large-font-size\"><strong><a href=\"https:\/\/indicasativatrade.com\/?lang=en\" target=\"_blank\" rel=\"noopener\">IndicaSativa<\/a><\/strong><\/h3><p><strong>Ausstellung und Konferenz\u00a0<\/strong>| Wo:\u00a0<strong>Bologna, Italien\u00a0<\/strong>| Wann:\u00a0<strong>11-13 April 2025<\/strong><br \/>70% B2B - 30% B2C | 20% Medizin - 80% Freizeit<\/p><p>Italiens \u00e4lteste und bedeutendste Hanfmesse, die IndicaSativa, findet in der Unipol Arena in Bologna statt. Diese j\u00e4hrliche Veranstaltung findet bereits zum 11. Mal statt und dient als lebendiges Zentrum f\u00fcr die\u00a0<strong>Cannabis- und Hanfindustrie<\/strong>mit \u00fcber\u00a0<strong>200 Aussteller<\/strong>, kulturelle Aktivit\u00e4ten und Gesch\u00e4ftsm\u00f6glichkeiten. Sie bringt Fachleute, Enthusiasten und Experten in einem festlichen und dennoch professionellen Rahmen zusammen, um Innovationen, Trends und Bildung in diesem Sektor zu erkunden. Die Veranstaltung unterstreicht die zentrale Rolle Italiens auf dem europ\u00e4ischen Cannabismarkt und bietet den Teilnehmern drei Tage lang Gelegenheit zum Handel, zur Weiterbildung und zum Networking.<\/p><p><strong>\ud83c\udfab <a href=\"https:\/\/indicasativatrade.com\/visitors-info\/?lang=en\" target=\"_blank\" rel=\"noopener\">Fr\u00fchbucher-Tickets<\/a><\/strong>\u00a0starten von\u00a0<strong>\u20ac8\u00a0<\/strong>(1 Tag) bis\u00a0<strong>\u20ac16<\/strong>\u00a0(gesamte Veranstaltung).<\/p>\t\t\t\t\t\t\t\t<\/div>\n\t\t\t\t<\/div>\n\t\t\t\t<div class=\"elementor-element elementor-element-9b26c42 elementor-widget elementor-widget-spacer\" data-id=\"9b26c42\" data-element_type=\"widget\" data-e-type=\"widget\" data-widget_type=\"spacer.default\">\n\t\t\t\t<div class=\"elementor-widget-container\">\n\t\t\t\t\t\t\t<div class=\"elementor-spacer\">\n\t\t\t<div class=\"elementor-spacer-inner\"><\/div>\n\t\t<\/div>\n\t\t\t\t\t\t<\/div>\n\t\t\t\t<\/div>\n\t\t\t\t<div class=\"elementor-element elementor-element-cd73554 elementor-widget elementor-widget-image\" data-id=\"cd73554\" data-element_type=\"widget\" data-e-type=\"widget\" data-widget_type=\"image.default\">\n\t\t\t\t<div class=\"elementor-widget-container\">\n\t\t\t\t\t\t\t\t\t\t\t\t\t\t\t<img loading=\"lazy\" decoding=\"async\" width=\"1024\" height=\"288\" src=\"https:\/\/luminorecruit.com\/wp-content\/uploads\/2025\/02\/indicasativa2-1024x288.webp\" class=\"attachment-large size-large wp-image-2247\" alt=\"IndicaSativa in Bologna, Italien - Cannabis-Event Europa 2025\" srcset=\"https:\/\/luminorecruit.com\/wp-content\/uploads\/2025\/02\/indicasativa2-1024x288.webp 1024w, https:\/\/luminorecruit.com\/wp-content\/uploads\/2025\/02\/indicasativa2-300x84.webp 300w, https:\/\/luminorecruit.com\/wp-content\/uploads\/2025\/02\/indicasativa2-768x216.webp 768w, https:\/\/luminorecruit.com\/wp-content\/uploads\/2025\/02\/indicasativa2-1536x432.webp 1536w, https:\/\/luminorecruit.com\/wp-content\/uploads\/2025\/02\/indicasativa2.webp 1920w\" sizes=\"(max-width: 1024px) 100vw, 1024px\" \/>\t\t\t\t\t\t\t\t\t\t\t\t\t\t\t<\/div>\n\t\t\t\t<\/div>\n\t\t\t\t<div class=\"elementor-element elementor-element-36e585b elementor-widget elementor-widget-spacer\" data-id=\"36e585b\" data-element_type=\"widget\" data-e-type=\"widget\" data-widget_type=\"spacer.default\">\n\t\t\t\t<div class=\"elementor-widget-container\">\n\t\t\t\t\t\t\t<div class=\"elementor-spacer\">\n\t\t\t<div class=\"elementor-spacer-inner\"><\/div>\n\t\t<\/div>\n\t\t\t\t\t\t<\/div>\n\t\t\t\t<\/div>\n\t\t\t\t<div class=\"elementor-element elementor-element-bcafe6f elementor-widget elementor-widget-text-editor\" data-id=\"bcafe6f\" data-element_type=\"widget\" data-e-type=\"widget\" data-widget_type=\"text-editor.default\">\n\t\t\t\t<div class=\"elementor-widget-container\">\n\t\t\t\t\t\t\t\t\t<h3 class=\"wp-block-heading has-large-font-size\"><strong><a href=\"https:\/\/konopex.cz\/en\/\" target=\"_blank\" rel=\"noopener\">Konopex Ostrau<\/a><\/strong><\/h3><p><strong>Expo\u00a0<\/strong>| Wo:\u00a0<strong>Ostrava, Tschechische Republik\u00a0<\/strong>| Wann:\u00a0<strong>25-27 April 2025<\/strong><br \/>70% B2B - 30% B2C | 20% Medizin - 80% Freizeit<\/p><p>Ihr 8. j\u00e4hrliches Cannabis-Festival mit Fachmesse findet im Komplex Trojhal\u00ed Karolina in Ostrava, Tschechische Republik, statt. Diese Veranstaltung pr\u00e4sentiert die\u00a0<strong>Vielseitige Verwendung der Cannabispflanze<\/strong>und zieht mehr als\u00a0<strong>2.000 Besucher<\/strong>\u00a0und \u00fcber\u00a0<strong>120 tschechische und internationale Aussteller<\/strong>\u00a0die Produkte wie Cannabissamen, CBD-Kosmetik, Anbauausr\u00fcstung und Verarbeitungstechnologien pr\u00e4sentieren. Die Besucher k\u00f6nnen an einem dreit\u00e4gigen Programm teilnehmen, das Vortr\u00e4ge von 40 Experten zu Themen wie Selbstmedikation, Anbau, Legalisierung und Technologie sowie Workshops, den Cannabis Cup, einen Chili-Esswettbewerb und Unterhaltung bietet. Die Konopex 2025 bietet auch eine Medical und Vapo Zone f\u00fcr Vaporizer-Vorf\u00fchrungen und Beratungen.<\/p><p><strong>\ud83c\udfab <a href=\"https:\/\/konopex.cz\/en\/\" target=\"_blank\" rel=\"noopener\">Eintrittskarten<\/a><\/strong>wenn sie online gekauft werden, beginnen bei\u00a0<strong>\u20ac6\u00a0<\/strong>(1 Tag) bis\u00a0<strong>\u20ac10\u00a0<\/strong>(gesamte Veranstaltung). Bei der 3+1-Aktion erhalten Sie f\u00fcr jede 3 gekaufte Eintrittskarte eine Freikarte.<\/p>\t\t\t\t\t\t\t\t<\/div>\n\t\t\t\t<\/div>\n\t\t\t\t<div class=\"elementor-element elementor-element-2171c7d elementor-widget elementor-widget-spacer\" data-id=\"2171c7d\" data-element_type=\"widget\" data-e-type=\"widget\" data-widget_type=\"spacer.default\">\n\t\t\t\t<div class=\"elementor-widget-container\">\n\t\t\t\t\t\t\t<div class=\"elementor-spacer\">\n\t\t\t<div class=\"elementor-spacer-inner\"><\/div>\n\t\t<\/div>\n\t\t\t\t\t\t<\/div>\n\t\t\t\t<\/div>\n\t\t\t\t<div class=\"elementor-element elementor-element-1769eba elementor-widget elementor-widget-text-editor\" data-id=\"1769eba\" data-element_type=\"widget\" data-e-type=\"widget\" data-widget_type=\"text-editor.default\">\n\t\t\t\t<div class=\"elementor-widget-container\">\n\t\t\t\t\t\t\t\t\t<h3 class=\"wp-block-heading has-large-font-size\"><strong><a href=\"https:\/\/www.athenscannabisexpo.com\/\" target=\"_blank\" rel=\"noopener\">Athens Cannabis Expo 2025<\/a><\/strong><\/h3><p><strong>Expo\u00a0<\/strong>| Wo:\u00a0<strong>Athen, Griechenland\u00a0<\/strong>| Wann:\u00a0<strong>26-27 April 2025<\/strong><br \/>30% B2B - 70% B2C | 50% Medizinisch - 50% Freizeit<\/p><p>Die nunmehr sechste Ausgabe dieser Messe, die im Zappeion Megaron in Athen, Griechenland, stattfindet, zeigt die wachsende\u00a0<strong>medizinische, pharmazeutische und industrielle Verwendung von Cannabis<\/strong>\u00a0und bietet gleichzeitig M\u00f6glichkeiten f\u00fcr\u00a0<strong>Griechenlands aufstrebenden Cannabismarkt erkunden<\/strong>. Mit der Teilnahme von \u00fcber\u00a0<strong>1.000 Besucher<\/strong>\u00a0und \u00fcber\u00a0<strong>50 Aussteller<\/strong> Sie kombiniert Produktausstellungen, Networking-M\u00f6glichkeiten und Plattformen f\u00fcr den Wissensaustausch zwischen Wissenschaft und Wirtschaft. Die Veranstaltung bietet auch die M\u00f6glichkeit, Unternehmen durch Medienberichterstattung zu f\u00f6rdern und an Diskussionen \u00fcber Cannabispolitik, Anbau und globale Trends teilzunehmen.<\/p><p>\ud83c\udfab Die Ticketpreise stehen noch nicht fest. Wenn Sie Interesse haben, k\u00f6nnen Sie sich mit den Organisatoren in Verbindung setzen\u00a0<a href=\"mailto:info@athenscannabisexpo.com\"><strong>info@athenscannabisexpo.com<\/strong><\/a><\/p>\t\t\t\t\t\t\t\t<\/div>\n\t\t\t\t<\/div>\n\t\t\t\t<div class=\"elementor-element elementor-element-45c98d0 elementor-widget elementor-widget-spacer\" data-id=\"45c98d0\" data-element_type=\"widget\" data-e-type=\"widget\" data-widget_type=\"spacer.default\">\n\t\t\t\t<div class=\"elementor-widget-container\">\n\t\t\t\t\t\t\t<div class=\"elementor-spacer\">\n\t\t\t<div class=\"elementor-spacer-inner\"><\/div>\n\t\t<\/div>\n\t\t\t\t\t\t<\/div>\n\t\t\t\t<\/div>\n\t\t\t\t<div class=\"elementor-element elementor-element-60765d5 elementor-widget elementor-widget-text-editor\" data-id=\"60765d5\" data-element_type=\"widget\" data-e-type=\"widget\" data-widget_type=\"text-editor.default\">\n\t\t\t\t<div class=\"elementor-widget-container\">\n\t\t\t\t\t\t\t\t\t<h3 class=\"wp-block-heading has-large-font-size\"><strong><a href=\"https:\/\/internationalcbc.com\/berlin\/\" target=\"_blank\" rel=\"noopener\">ICBC Berlin<\/a><\/strong><\/h3><p><strong>Ausstellung und Konferenz\u00a0<\/strong>| Wo:\u00a0<strong>Berlin, Deutschland\u00a0<\/strong>| Wann:\u00a0<strong>29-30 April 2025<\/strong><br \/>100% B2B | 70% Medizinisch - 30% Freizeit<\/p><p class=\"has-text-color has-link-color\" style=\"color: #41bcc1;\"><strong>\u2726<\/strong> <strong>Lumino wird bei dieser Veranstaltung anwesend sein!<\/strong><\/p><p>Europas gr\u00f6\u00dfte und \u00e4lteste Cannabis-B2B-Konferenz, findet im kultigen Estrel Berlin Hotel in Deutschland statt. Diese Vorzeigeveranstaltung bringt \u00fcber <strong>5.000 Teilnehmerinnen und Teilnehmer<\/strong>\u00a0und\u00a0<strong>400 Aussteller\u00a0<\/strong>aus mehr als 80 L\u00e4ndern, darunter Top-Manager, Investoren, politische Entscheidungstr\u00e4ger, Brancheninnovatoren und Forscher. Die Konferenz bietet eine Plattform f\u00fcr Bildung, Vernetzung und\u00a0<strong>Pr\u00e4sentation von Innovationen im Bereich Cannabis<\/strong>. Wenn Sie im B2B-Bereich t\u00e4tig sind, ist die ICBC Berlin eine der wichtigsten Cannabis-Veranstaltungen in Europa in diesem Jahr.<\/p><p>\ud83c\udfab Unser\u00a0<strong><a href=\"https:\/\/www.eventbrite.com\/e\/international-cannabis-business-conference-berlin-b2b-2025-tickets-915583012437?discount=ICBCVIP25#tickets\" target=\"_blank\" rel=\"noopener\">erm\u00e4\u00dfigte Karten<\/a><\/strong>\u00a0starten von\u00a0<strong>US$311.48<\/strong>\u00a0(nur Expo) an\u00a0<strong>US$400.73\u00a0<\/strong>(Zugang zu allen Redner-Sitzungen). Die Preise werden nach dem 29. Januar 2025 erh\u00f6ht.<\/p>\t\t\t\t\t\t\t\t<\/div>\n\t\t\t\t<\/div>\n\t\t\t\t<div class=\"elementor-element elementor-element-d5d6248 elementor-widget elementor-widget-spacer\" data-id=\"d5d6248\" data-element_type=\"widget\" data-e-type=\"widget\" data-widget_type=\"spacer.default\">\n\t\t\t\t<div class=\"elementor-widget-container\">\n\t\t\t\t\t\t\t<div class=\"elementor-spacer\">\n\t\t\t<div class=\"elementor-spacer-inner\"><\/div>\n\t\t<\/div>\n\t\t\t\t\t\t<\/div>\n\t\t\t\t<\/div>\n\t\t\t\t<div class=\"elementor-element elementor-element-e7b901e elementor-widget elementor-widget-image\" data-id=\"e7b901e\" data-element_type=\"widget\" data-e-type=\"widget\" data-widget_type=\"image.default\">\n\t\t\t\t<div class=\"elementor-widget-container\">\n\t\t\t\t\t\t\t\t\t\t\t\t\t\t\t<img loading=\"lazy\" decoding=\"async\" width=\"1024\" height=\"288\" src=\"https:\/\/luminorecruit.com\/wp-content\/uploads\/2025\/02\/ICBC_berlin2-1024x288.webp\" class=\"attachment-large size-large wp-image-2246\" alt=\"ICBC in Berlin, Deutschland - cannabis event europe 2025\" srcset=\"https:\/\/luminorecruit.com\/wp-content\/uploads\/2025\/02\/ICBC_berlin2-1024x288.webp 1024w, https:\/\/luminorecruit.com\/wp-content\/uploads\/2025\/02\/ICBC_berlin2-300x84.webp 300w, https:\/\/luminorecruit.com\/wp-content\/uploads\/2025\/02\/ICBC_berlin2-768x216.webp 768w, https:\/\/luminorecruit.com\/wp-content\/uploads\/2025\/02\/ICBC_berlin2-1536x432.webp 1536w, https:\/\/luminorecruit.com\/wp-content\/uploads\/2025\/02\/ICBC_berlin2.webp 1920w\" sizes=\"(max-width: 1024px) 100vw, 1024px\" \/>\t\t\t\t\t\t\t\t\t\t\t\t\t\t\t<\/div>\n\t\t\t\t<\/div>\n\t\t\t\t<div class=\"elementor-element elementor-element-8f02f65 elementor-widget elementor-widget-spacer\" data-id=\"8f02f65\" data-element_type=\"widget\" data-e-type=\"widget\" data-widget_type=\"spacer.default\">\n\t\t\t\t<div class=\"elementor-widget-container\">\n\t\t\t\t\t\t\t<div class=\"elementor-spacer\">\n\t\t\t<div class=\"elementor-spacer-inner\"><\/div>\n\t\t<\/div>\n\t\t\t\t\t\t<\/div>\n\t\t\t\t<\/div>\n\t\t\t\t<div class=\"elementor-element elementor-element-1647363 elementor-widget elementor-widget-text-editor\" data-id=\"1647363\" data-element_type=\"widget\" data-e-type=\"widget\" data-widget_type=\"text-editor.default\">\n\t\t\t\t<div class=\"elementor-widget-container\">\n\t\t\t\t\t\t\t\t\t<div id=\"may\" class=\"elementor-element elementor-element-c426d13 elementor-widget elementor-widget-text-editor\" data-id=\"c426d13\" data-element_type=\"widget\" data-widget_type=\"text-editor.default\"><div class=\"elementor-widget-container\"><h2 id=\"may\" class=\"wp-block-heading has-text-align-center has-white-color has-text-color has-background has-link-color\" style=\"background: linear-gradient(135deg,#576fee 13%,#41bcc1 100%); border-radius: 20px; padding: 30px; text-align: center;\"><strong>MAI 2025 - CANNABIS-VERANSTALTUNGEN<\/strong><\/h2><\/div><\/div>\t\t\t\t\t\t\t\t<\/div>\n\t\t\t\t<\/div>\n\t\t\t\t<div class=\"elementor-element elementor-element-1d5ca5f elementor-widget elementor-widget-spacer\" data-id=\"1d5ca5f\" data-element_type=\"widget\" data-e-type=\"widget\" data-widget_type=\"spacer.default\">\n\t\t\t\t<div class=\"elementor-widget-container\">\n\t\t\t\t\t\t\t<div class=\"elementor-spacer\">\n\t\t\t<div class=\"elementor-spacer-inner\"><\/div>\n\t\t<\/div>\n\t\t\t\t\t\t<\/div>\n\t\t\t\t<\/div>\n\t\t\t\t<div class=\"elementor-element elementor-element-0e6ae3a elementor-widget elementor-widget-text-editor\" data-id=\"0e6ae3a\" data-element_type=\"widget\" data-e-type=\"widget\" data-widget_type=\"text-editor.default\">\n\t\t\t\t<div class=\"elementor-widget-container\">\n\t\t\t\t\t\t\t\t\t<h3 class=\"wp-block-heading has-large-font-size\"><a href=\"https:\/\/www.vitafoods.eu.com\/en\/home.html\" target=\"_blank\" rel=\"noopener\"><strong>Vitafoods Europa<\/strong><\/a><\/h3><p><strong>Expo<\/strong>\u00a0<strong>&amp; Konferenz\u00a0<\/strong>| Wo:\u00a0<strong>Barcelona, Spanien\u00a0<\/strong>| Wann:\u00a0<strong>20-22 Mai 2025<\/strong><br \/>80% B2B - 20% B2C | Nutraceuticals<\/p><p class=\"has-text-color has-link-color\" style=\"color: #41bcc1;\"><strong>\u2726<\/strong> <strong>Lumino wird bei dieser Veranstaltung anwesend sein!<\/strong><\/p><p>Eine weitere Veranstaltung auf der Liste, die nicht cannabisspezifisch ist, ist Vitafoods Europe, eine f\u00fchrende Veranstaltung f\u00fcr die <strong>Nahrungserg\u00e4nzungsmittelindustrie<\/strong>. In ihrer 27. Auflage dient die Veranstaltung als f\u00fchrende B2B-Plattform, auf der \u00fcber\u00a0<strong>22.000 Teilnehmerinnen und Teilnehmer<\/strong>\u00a0und mehr als\u00a0<strong>1.300 Aussteller<\/strong>\u00a0aus \u00fcber 160 L\u00e4ndern. Sie deckt die gesamte Lieferkette f\u00fcr Nahrungserg\u00e4nzungsmittel ab, wobei der Schwerpunkt auf Nahrungserg\u00e4nzungsmitteln, funktionellen Lebensmitteln und Getr\u00e4nken liegt. Die Teilnehmer k\u00f6nnen sich \u00fcber Innovationen informieren, Einblicke in Markttrends gewinnen und im Rahmen von Workshops, Networking-Veranstaltungen und Bildungsveranstaltungen Kontakte zu globalen Herstellern, Lieferanten und Forschern kn\u00fcpfen.<\/p><p><strong>\ud83c\udfab <a href=\"https:\/\/www.vitafoods.eu.com\/en\/registration.html\" target=\"_blank\" rel=\"noopener\">Eintrittskarten<\/a><\/strong>\u00a0starten von\u00a0<strong>\u20ac99\u00a0<\/strong>(Fr\u00fchbucherpreis bis zum 10. M\u00e4rz 2025).<\/p>\t\t\t\t\t\t\t\t<\/div>\n\t\t\t\t<\/div>\n\t\t\t\t<div class=\"elementor-element elementor-element-a29e452 elementor-widget elementor-widget-spacer\" data-id=\"a29e452\" data-element_type=\"widget\" data-e-type=\"widget\" data-widget_type=\"spacer.default\">\n\t\t\t\t<div class=\"elementor-widget-container\">\n\t\t\t\t\t\t\t<div class=\"elementor-spacer\">\n\t\t\t<div class=\"elementor-spacer-inner\"><\/div>\n\t\t<\/div>\n\t\t\t\t\t\t<\/div>\n\t\t\t\t<\/div>\n\t\t\t\t<div class=\"elementor-element elementor-element-f558196 elementor-widget elementor-widget-image\" data-id=\"f558196\" data-element_type=\"widget\" data-e-type=\"widget\" data-widget_type=\"image.default\">\n\t\t\t\t<div class=\"elementor-widget-container\">\n\t\t\t\t\t\t\t\t\t\t\t\t\t\t\t<img loading=\"lazy\" decoding=\"async\" width=\"1024\" height=\"288\" src=\"https:\/\/luminorecruit.com\/wp-content\/uploads\/2025\/02\/vitafoods_barcelona2-1024x288.webp\" class=\"attachment-large size-large wp-image-2252\" alt=\"VitaFoods in Barcelona, Spanien - cannabis event europe 2025\" srcset=\"https:\/\/luminorecruit.com\/wp-content\/uploads\/2025\/02\/vitafoods_barcelona2-1024x288.webp 1024w, https:\/\/luminorecruit.com\/wp-content\/uploads\/2025\/02\/vitafoods_barcelona2-300x84.webp 300w, https:\/\/luminorecruit.com\/wp-content\/uploads\/2025\/02\/vitafoods_barcelona2-768x216.webp 768w, https:\/\/luminorecruit.com\/wp-content\/uploads\/2025\/02\/vitafoods_barcelona2-1536x432.webp 1536w, https:\/\/luminorecruit.com\/wp-content\/uploads\/2025\/02\/vitafoods_barcelona2.webp 1920w\" sizes=\"(max-width: 1024px) 100vw, 1024px\" \/>\t\t\t\t\t\t\t\t\t\t\t\t\t\t\t<\/div>\n\t\t\t\t<\/div>\n\t\t\t\t<div class=\"elementor-element elementor-element-e001924 elementor-widget elementor-widget-spacer\" data-id=\"e001924\" data-element_type=\"widget\" data-e-type=\"widget\" data-widget_type=\"spacer.default\">\n\t\t\t\t<div class=\"elementor-widget-container\">\n\t\t\t\t\t\t\t<div class=\"elementor-spacer\">\n\t\t\t<div class=\"elementor-spacer-inner\"><\/div>\n\t\t<\/div>\n\t\t\t\t\t\t<\/div>\n\t\t\t\t<\/div>\n\t\t\t\t<div class=\"elementor-element elementor-element-0a51e30 elementor-widget elementor-widget-text-editor\" data-id=\"0a51e30\" data-element_type=\"widget\" data-e-type=\"widget\" data-widget_type=\"text-editor.default\">\n\t\t\t\t<div class=\"elementor-widget-container\">\n\t\t\t\t\t\t\t\t\t<h3 class=\"wp-block-heading has-large-font-size\"><strong><a href=\"https:\/\/budsandbeats.ch\/en\/#info\" target=\"_blank\" rel=\"noopener\">CannaTrade B2B Barbecue<\/a><\/strong><\/h3><p><strong>Vernetzung\u00a0<\/strong>| Wo:\u00a0<strong>Z\u00fcrich, Schweiz\u00a0<\/strong>| Wann:\u00a0<strong>30. Mai 2025<\/strong><br \/>100% B2B | 50% Medizinisch - 50% Freizeit<\/p><p>Dieses besondere Treffen findet von 17:00 bis 22:00 Uhr in der Halle 622 statt und wird vor dem Buds and Beats Festival veranstaltet.\u00a0<strong>professionelle Plattform f\u00fcr Schweizer und internationale Cannabisunternehmen, um Kontakte zu kn\u00fcpfen, zusammenzuarbeiten und Ideen auszutauschen.<\/strong>\u00a0Die Veranstaltung bietet Essen, Getr\u00e4nke und die M\u00f6glichkeit, in entspannter Atmosph\u00e4re Branchenkontakte zu kn\u00fcpfen. Die Teilnahme an der Grillparty umfasst auch\u00a0<strong>beinhaltet den Eintritt zum Buds and Beats Festival<\/strong>\u00a0am folgenden Tag, die den Teilnehmern aus dem gesamten Cannabissektor eine umfassende Erfahrung bietet.<\/p><p><strong>\ud83c\udfab <\/strong><a href=\"https:\/\/budsandbeats.ch\/en\/#info\" target=\"_blank\" rel=\"noopener\"><strong>Eintrittskarten<\/strong><\/a>\u00a0Kosten\u00a0<strong>CHF 95<\/strong> (beinhaltet den Eintritt zum Buds &amp; Beats Festival) - die Anmeldung beginnt erst im Februar 2025.<\/p>\t\t\t\t\t\t\t\t<\/div>\n\t\t\t\t<\/div>\n\t\t\t\t<div class=\"elementor-element elementor-element-8d6e11e elementor-widget elementor-widget-spacer\" data-id=\"8d6e11e\" data-element_type=\"widget\" data-e-type=\"widget\" data-widget_type=\"spacer.default\">\n\t\t\t\t<div class=\"elementor-widget-container\">\n\t\t\t\t\t\t\t<div class=\"elementor-spacer\">\n\t\t\t<div class=\"elementor-spacer-inner\"><\/div>\n\t\t<\/div>\n\t\t\t\t\t\t<\/div>\n\t\t\t\t<\/div>\n\t\t\t\t<div class=\"elementor-element elementor-element-ae9081f elementor-widget elementor-widget-text-editor\" data-id=\"ae9081f\" data-element_type=\"widget\" data-e-type=\"widget\" data-widget_type=\"text-editor.default\">\n\t\t\t\t<div class=\"elementor-widget-container\">\n\t\t\t\t\t\t\t\t\t<h3 class=\"wp-block-heading has-large-font-size\"><strong><a href=\"https:\/\/budsandbeats.ch\/\" target=\"_blank\" rel=\"noopener\">Buds &amp; Beats Festival<\/a><\/strong><\/h3><p><strong>Festival\u00a0<\/strong>| Wo:\u00a0<strong>Z\u00fcrich, Schweiz\u00a0<\/strong>| Wann:\u00a0<strong>31. Mai 2025<\/strong><br \/>10% B2B - 90% B2C | 20% Medizin - 80% Freizeit<\/p><p>Eine einzigartige Feier und die erste ihrer Art, die der\u00a0<strong>Cannabis-Kultur<\/strong>mit verschiedenen Themenbereichen, darunter\u00a0<strong>CBD, Rauchen, Anbau, Vaping, Wellness, Musik, medizinisches Cannabis und Nachhaltigkeit<\/strong>. Die Besucher k\u00f6nnen Live-Musik von DJs und Hip-Hop-Acts genie\u00dfen, Innovationen im Cannabisanbau entdecken und sich in Workshops und Vortr\u00e4gen in der Talk Zone \u00fcber Themen wie Heimanbau und medizinische Anwendungen informieren. Weitere Highlights sind die Game Zone mit unterhaltsamen Aktivit\u00e4ten, die entspannende Beach Zone mit Liegest\u00fchlen und das kulinarische Angebot in der Food Zone. Zus\u00e4tzlich bietet die Pilot Project Zone Einblicke in den legalen Zugang zu Cannabis durch Schweizer Pilotprogramme. Das Buds &amp; Beats Festival, das in diesem Jahr zum ersten Mal stattfindet, verspricht viel f\u00fcr Cannabisliebhaber und sollte daher in den Kalender der wichtigsten Cannabisveranstaltungen in Europa f\u00fcr 2025 aufgenommen werden.<\/p><p><strong>\ud83c\udfab <a href=\"https:\/\/www.seetickets.com\/ch\/tour\/buds-and-beats-festival\" target=\"_blank\" rel=\"noopener\">Eintrittskarten<\/a><\/strong>\u00a0starten von\u00a0<strong>\u20ac15\u00a0<\/strong>(Fr\u00fchbucherpreis bis zum 31. Januar 2025).<\/p>\t\t\t\t\t\t\t\t<\/div>\n\t\t\t\t<\/div>\n\t\t\t\t<div class=\"elementor-element elementor-element-5db4f0a elementor-widget elementor-widget-spacer\" data-id=\"5db4f0a\" data-element_type=\"widget\" data-e-type=\"widget\" data-widget_type=\"spacer.default\">\n\t\t\t\t<div class=\"elementor-widget-container\">\n\t\t\t\t\t\t\t<div class=\"elementor-spacer\">\n\t\t\t<div class=\"elementor-spacer-inner\"><\/div>\n\t\t<\/div>\n\t\t\t\t\t\t<\/div>\n\t\t\t\t<\/div>\n\t\t\t\t<div class=\"elementor-element elementor-element-9c7c623 elementor-widget elementor-widget-text-editor\" data-id=\"9c7c623\" data-element_type=\"widget\" data-e-type=\"widget\" data-widget_type=\"text-editor.default\">\n\t\t\t\t<div class=\"elementor-widget-container\">\n\t\t\t\t\t\t\t\t\t<div id=\"june\" class=\"elementor-element elementor-element-c426d13 elementor-widget elementor-widget-text-editor\" data-id=\"c426d13\" data-element_type=\"widget\" data-widget_type=\"text-editor.default\"><div class=\"elementor-widget-container\"><h2 id=\"june\" class=\"wp-block-heading has-text-align-center has-white-color has-text-color has-background has-link-color\" style=\"background: linear-gradient(135deg,#576fee 13%,#41bcc1 100%); border-radius: 20px; padding: 30px; text-align: center;\"><strong>JUNI 2025 - CANNABIS-VERANSTALTUNGEN<\/strong><\/h2><\/div><\/div>\t\t\t\t\t\t\t\t<\/div>\n\t\t\t\t<\/div>\n\t\t\t\t<div class=\"elementor-element elementor-element-b0babdc elementor-widget elementor-widget-spacer\" data-id=\"b0babdc\" data-element_type=\"widget\" data-e-type=\"widget\" data-widget_type=\"spacer.default\">\n\t\t\t\t<div class=\"elementor-widget-container\">\n\t\t\t\t\t\t\t<div class=\"elementor-spacer\">\n\t\t\t<div class=\"elementor-spacer-inner\"><\/div>\n\t\t<\/div>\n\t\t\t\t\t\t<\/div>\n\t\t\t\t<\/div>\n\t\t\t\t<div class=\"elementor-element elementor-element-8d3ee13 elementor-widget elementor-widget-text-editor\" data-id=\"8d3ee13\" data-element_type=\"widget\" data-e-type=\"widget\" data-widget_type=\"text-editor.default\">\n\t\t\t\t<div class=\"elementor-widget-container\">\n\t\t\t\t\t\t\t\t\t<h3 class=\"wp-block-heading has-large-font-size\"><strong><a href=\"https:\/\/www.greentech.nl\/amsterdam\" target=\"_blank\" rel=\"noopener\">GreenTech<\/a><\/strong><\/h3><p><strong>Ausstellung und Konferenz\u00a0<\/strong>| Wo:\u00a0<strong>Amsterdam, Niederlande\u00a0<\/strong>| Wann:\u00a0<strong>10-12 Juni 2025<\/strong><br \/>80% B2B - 20% B2C | Gartenbautechnik<\/p><p class=\"has-text-color has-link-color\" style=\"color: #41bcc1;\"><strong>\u2726<\/strong> <strong>Lumino wird bei dieser Veranstaltung anwesend sein!<\/strong><\/p><p>Die f\u00fchrende internationale Fachmesse f\u00fcr <strong>Gartenbautechnik<\/strong>Diese j\u00e4hrliche Veranstaltung versammelt \u00fcber\u00a0<strong>500 Aussteller (von denen etwa 50 cannabisspezifisch sein werden)\u00a0<\/strong>und mehr als\u00a0<strong>12.200 Fachleute<\/strong>\u00a0aus \u00fcber 110 L\u00e4ndern und bietet eine umfassende Plattform f\u00fcr Networking, Innovation und Wissensaustausch. Die Ausstellung ist in spezialisierte Bereiche unterteilt, wie z. B. Circular Horticulture, Robotik &amp; K\u00fcnstliche Intelligenz, Gem\u00fcse, Heilpflanzen, Blumen und Beerenobst. Dar\u00fcber hinaus bietet sie inspirierende Vortr\u00e4ge und Seminare zu den Themen nachhaltiger Gartenbau, Spitzentechnologien und Lebensmittelsicherheit.<\/p><p><strong>\ud83c\udfab<a href=\"https:\/\/www.greentech.nl\/amsterdam\/tickets\" target=\"_blank\" rel=\"noopener\"> Eintrittskarten<\/a>\u00a0<\/strong>kosten 99 \u20ac (Fr\u00fchbucherpreis bis zum 7. Juni 2025).<\/p>\t\t\t\t\t\t\t\t<\/div>\n\t\t\t\t<\/div>\n\t\t\t\t<div class=\"elementor-element elementor-element-6d32677 elementor-widget elementor-widget-spacer\" data-id=\"6d32677\" data-element_type=\"widget\" data-e-type=\"widget\" data-widget_type=\"spacer.default\">\n\t\t\t\t<div class=\"elementor-widget-container\">\n\t\t\t\t\t\t\t<div class=\"elementor-spacer\">\n\t\t\t<div class=\"elementor-spacer-inner\"><\/div>\n\t\t<\/div>\n\t\t\t\t\t\t<\/div>\n\t\t\t\t<\/div>\n\t\t\t\t<div class=\"elementor-element elementor-element-a861b51 elementor-widget elementor-widget-image\" data-id=\"a861b51\" data-element_type=\"widget\" data-e-type=\"widget\" data-widget_type=\"image.default\">\n\t\t\t\t<div class=\"elementor-widget-container\">\n\t\t\t\t\t\t\t\t\t\t\t\t\t\t\t<img loading=\"lazy\" decoding=\"async\" width=\"1024\" height=\"288\" src=\"https:\/\/luminorecruit.com\/wp-content\/uploads\/2025\/02\/greentech_amsterdam2-1024x288.webp\" class=\"attachment-large size-large wp-image-2244\" alt=\"Greentech in Amsterdam - Cannabis-Veranstaltung Europa 2025\" srcset=\"https:\/\/luminorecruit.com\/wp-content\/uploads\/2025\/02\/greentech_amsterdam2-1024x288.webp 1024w, https:\/\/luminorecruit.com\/wp-content\/uploads\/2025\/02\/greentech_amsterdam2-300x84.webp 300w, https:\/\/luminorecruit.com\/wp-content\/uploads\/2025\/02\/greentech_amsterdam2-768x216.webp 768w, https:\/\/luminorecruit.com\/wp-content\/uploads\/2025\/02\/greentech_amsterdam2-1536x432.webp 1536w, https:\/\/luminorecruit.com\/wp-content\/uploads\/2025\/02\/greentech_amsterdam2.webp 1920w\" sizes=\"(max-width: 1024px) 100vw, 1024px\" \/>\t\t\t\t\t\t\t\t\t\t\t\t\t\t\t<\/div>\n\t\t\t\t<\/div>\n\t\t\t\t<div class=\"elementor-element elementor-element-5be233f elementor-widget elementor-widget-spacer\" data-id=\"5be233f\" data-element_type=\"widget\" data-e-type=\"widget\" data-widget_type=\"spacer.default\">\n\t\t\t\t<div class=\"elementor-widget-container\">\n\t\t\t\t\t\t\t<div class=\"elementor-spacer\">\n\t\t\t<div class=\"elementor-spacer-inner\"><\/div>\n\t\t<\/div>\n\t\t\t\t\t\t<\/div>\n\t\t\t\t<\/div>\n\t\t\t\t<div class=\"elementor-element elementor-element-9729f35 elementor-widget elementor-widget-text-editor\" data-id=\"9729f35\" data-element_type=\"widget\" data-e-type=\"widget\" data-widget_type=\"text-editor.default\">\n\t\t\t\t<div class=\"elementor-widget-container\">\n\t\t\t\t\t\t\t\t\t<h3 class=\"wp-block-heading has-large-font-size\"><strong><a href=\"https:\/\/eiha-conference.org\/\" target=\"_blank\" rel=\"noopener\">22. EIHA-Konferenz &amp; Hanf erleben<\/a><\/strong><\/h3><p><strong>Konferenz\u00a0<\/strong>| Wo:\u00a0<strong>Berlin, Deutschland\u00a0<\/strong>| Wann:\u00a0<strong>11-13 Juni 2025<\/strong><br \/>80% B2B - 20% B2C | Industriehanf<\/p><p>Die von der European Industrial Hemp Association (EIHA) in Zusammenarbeit mit WAFBA (We Are For Better Alternatives) und Experience Hemp International organisierte j\u00e4hrliche Veranstaltung dient als wichtige Plattform f\u00fcr Fachleute, Wissenschaftler, Innovatoren und Investoren in der Hanfbranche.\u00a0<strong>Hanfsektor<\/strong>. Die Konferenz konzentriert sich auf Innovation und Nachhaltigkeit und beinhaltet Diskussionen \u00fcber die Zukunft von Industriehanf, wobei seine Rolle als vielseitige und nachhaltige Ressource hervorgehoben wird.<\/p><p><strong>\ud83c\udfab <\/strong><a href=\"https:\/\/eiha-conference.org\/tickets\/\" target=\"_blank\" rel=\"noopener\"><strong>Eintrittskarten<\/strong><\/a> wird erst im Laufe des Jahres verkauft werden.<\/p>\t\t\t\t\t\t\t\t<\/div>\n\t\t\t\t<\/div>\n\t\t\t\t<div class=\"elementor-element elementor-element-5f7c70f elementor-widget elementor-widget-spacer\" data-id=\"5f7c70f\" data-element_type=\"widget\" data-e-type=\"widget\" data-widget_type=\"spacer.default\">\n\t\t\t\t<div class=\"elementor-widget-container\">\n\t\t\t\t\t\t\t<div class=\"elementor-spacer\">\n\t\t\t<div class=\"elementor-spacer-inner\"><\/div>\n\t\t<\/div>\n\t\t\t\t\t\t<\/div>\n\t\t\t\t<\/div>\n\t\t\t\t<div class=\"elementor-element elementor-element-98f7a87 elementor-widget elementor-widget-text-editor\" data-id=\"98f7a87\" data-element_type=\"widget\" data-e-type=\"widget\" data-widget_type=\"text-editor.default\">\n\t\t\t\t<div class=\"elementor-widget-container\">\n\t\t\t\t\t\t\t\t\t<div class=\"elementor-widget-container\"><h3 class=\"wp-block-heading has-large-font-size\"><strong><a href=\"https:\/\/cb-club.ch\/de\/\" target=\"_blank\" rel=\"noopener\">CB Club Berlin<\/a><\/strong><\/h3><p><strong>Konferenz\u00a0<\/strong>| Wo:\u00a0<strong>Berlin, Deutschland\u00a0<\/strong>| Wann:\u00a0<strong>18. Juni 2025<\/strong><br \/>100% B2B | 70% Medizinisch - 30% Freizeit<\/p><p class=\"has-text-color has-link-color\" style=\"color: #41bcc1;\"><strong>\u2726<\/strong> <strong>Lumino wird bei dieser Veranstaltung anwesend sein!<\/strong><\/p><p class=\"has-text-color has-link-color\">Ein exklusives Cannabis-Business-Networking-Event, das sich an f\u00fchrende Unternehmen und Fachleute der Branche richtet\u00a0<strong>Cannabisbranche<\/strong>. Der CB Club ist auf 300 Teilnehmer begrenzt und bietet gezielte Networking-M\u00f6glichkeiten, interessante Podiumsdiskussionen zu wichtigen Branchenthemen und Grundsatzreden zu den neuesten Trends und Herausforderungen auf dem Cannabismarkt. Die Veranstaltung findet in einer entspannten Atmosph\u00e4re statt und bietet au\u00dferdem Essen, Getr\u00e4nke und Zugang zur Online-B2B-Plattform CB Net sowie zum EmpowHer-Fr\u00fchst\u00fcck, um die Kontakte und die Zusammenarbeit innerhalb der Cannabisbranche zu f\u00f6rdern.<\/p><p>\ud83c\udfab Derzeit sind keine Tickets erh\u00e4ltlich. Bei Interesse k\u00f6nnen Sie die Organisatoren kontaktieren unter\u00a0<strong><a href=\"mailto:hello@cb-club.ch\">hello@cb-club.ch<\/a>.<\/strong><\/p><\/div>\t\t\t\t\t\t\t\t<\/div>\n\t\t\t\t<\/div>\n\t\t\t\t<div class=\"elementor-element elementor-element-fc49e2b elementor-widget elementor-widget-spacer\" data-id=\"fc49e2b\" data-element_type=\"widget\" data-e-type=\"widget\" data-widget_type=\"spacer.default\">\n\t\t\t\t<div class=\"elementor-widget-container\">\n\t\t\t\t\t\t\t<div class=\"elementor-spacer\">\n\t\t\t<div class=\"elementor-spacer-inner\"><\/div>\n\t\t<\/div>\n\t\t\t\t\t\t<\/div>\n\t\t\t\t<\/div>\n\t\t\t\t<div class=\"elementor-element elementor-element-2c43f08 elementor-widget elementor-widget-text-editor\" data-id=\"2c43f08\" data-element_type=\"widget\" data-e-type=\"widget\" data-widget_type=\"text-editor.default\">\n\t\t\t\t<div class=\"elementor-widget-container\">\n\t\t\t\t\t\t\t\t\t<h3 class=\"wp-block-heading has-large-font-size\"><strong><a href=\"https:\/\/maryjane-berlin.com\/en\/\" target=\"_blank\" rel=\"noopener\">Mary Jane Berlin<\/a><\/strong><\/h3><p><strong>Ausstellung und Konferenz\u00a0<\/strong>| Wo:\u00a0<strong>Berlin, Deutschland\u00a0<\/strong>| Wann:\u00a0<strong>19-22 Juni 2025<\/strong><br \/>20% B2B - 80% B2C | 30% Medizin - 70% Freizeit<\/p><p class=\"has-text-color has-link-color\" style=\"color: #41bcc1;\"><strong>\u2726<\/strong> <strong>Lumino wird bei dieser Veranstaltung anwesend sein!<\/strong><\/p><p class=\"has-text-color has-link-color\">Die gr\u00f6\u00dfte Cannabis-Messe in Deutschland und eine der f\u00fchrenden Veranstaltungen in Europa f\u00fcr die\u00a0<strong>nachhaltige Cannabisindustrie<\/strong>Diese Veranstaltung ist eine Kombination aus Messe, Konferenz und lebhaftem Festival, bei dem die neuesten Innovationen in den Bereichen Cannabismedizin, Ern\u00e4hrung, Lifestyle, Kosmetik und Anbau vorgestellt werden. Mit \u00fcber\u00a0<strong>420 Aussteller<\/strong>35 Fachreferenten und\u00a0<strong>42.000 Teilnehmerinnen und Teilnehmer,<\/strong>\u00a0Sie bietet eine umfassende Plattform f\u00fcr Wissensaustausch, Networking und Gesch\u00e4ftsm\u00f6glichkeiten. Zu den wichtigsten Aktivit\u00e4ten geh\u00f6ren Produktausstellungen, Fachvortr\u00e4ge zu medizinischen, rechtlichen und politischen Aspekten von Cannabis sowie Kultur- und Unterhaltungsprogramme wie Konzerte und kulinarische Angebote.<\/p><p><strong>\ud83c\udfab<\/strong><a href=\"https:\/\/maryjaneberlin.ticket.io\/hnfqjuzw\/\" target=\"_blank\" rel=\"noopener\"><strong> Fr\u00fchbucher-Tickets<\/strong><\/a>\u00a0starten von\u00a0<strong>\u20ac15\u00a0<\/strong>(1 Tag) bis\u00a0<strong>\u20ac35\u00a0<\/strong>(gesamte Veranstaltung)<\/p>\t\t\t\t\t\t\t\t<\/div>\n\t\t\t\t<\/div>\n\t\t\t\t<div class=\"elementor-element elementor-element-028f4f6 elementor-widget elementor-widget-spacer\" data-id=\"028f4f6\" data-element_type=\"widget\" data-e-type=\"widget\" data-widget_type=\"spacer.default\">\n\t\t\t\t<div class=\"elementor-widget-container\">\n\t\t\t\t\t\t\t<div class=\"elementor-spacer\">\n\t\t\t<div class=\"elementor-spacer-inner\"><\/div>\n\t\t<\/div>\n\t\t\t\t\t\t<\/div>\n\t\t\t\t<\/div>\n\t\t\t\t<div class=\"elementor-element elementor-element-205b1e2 elementor-widget elementor-widget-image\" data-id=\"205b1e2\" data-element_type=\"widget\" data-e-type=\"widget\" data-widget_type=\"image.default\">\n\t\t\t\t<div class=\"elementor-widget-container\">\n\t\t\t\t\t\t\t\t\t\t\t\t\t\t\t<img loading=\"lazy\" decoding=\"async\" width=\"1024\" height=\"288\" src=\"https:\/\/luminorecruit.com\/wp-content\/uploads\/2025\/02\/maryjane_berlin2-1024x288.webp\" class=\"attachment-large size-large wp-image-2250\" alt=\"Mary Jane in Berlin, Deutschland - cannabis event europe 2025\" srcset=\"https:\/\/luminorecruit.com\/wp-content\/uploads\/2025\/02\/maryjane_berlin2-1024x288.webp 1024w, https:\/\/luminorecruit.com\/wp-content\/uploads\/2025\/02\/maryjane_berlin2-300x84.webp 300w, https:\/\/luminorecruit.com\/wp-content\/uploads\/2025\/02\/maryjane_berlin2-768x216.webp 768w, https:\/\/luminorecruit.com\/wp-content\/uploads\/2025\/02\/maryjane_berlin2-1536x432.webp 1536w, https:\/\/luminorecruit.com\/wp-content\/uploads\/2025\/02\/maryjane_berlin2.webp 1920w\" sizes=\"(max-width: 1024px) 100vw, 1024px\" \/>\t\t\t\t\t\t\t\t\t\t\t\t\t\t\t<\/div>\n\t\t\t\t<\/div>\n\t\t\t\t<div class=\"elementor-element elementor-element-1cb4f0d elementor-widget elementor-widget-spacer\" data-id=\"1cb4f0d\" data-element_type=\"widget\" data-e-type=\"widget\" data-widget_type=\"spacer.default\">\n\t\t\t\t<div class=\"elementor-widget-container\">\n\t\t\t\t\t\t\t<div class=\"elementor-spacer\">\n\t\t\t<div class=\"elementor-spacer-inner\"><\/div>\n\t\t<\/div>\n\t\t\t\t\t\t<\/div>\n\t\t\t\t<\/div>\n\t\t\t\t<div class=\"elementor-element elementor-element-08ef123 elementor-widget elementor-widget-text-editor\" data-id=\"08ef123\" data-element_type=\"widget\" data-e-type=\"widget\" data-widget_type=\"text-editor.default\">\n\t\t\t\t<div class=\"elementor-widget-container\">\n\t\t\t\t\t\t\t\t\t<h3 class=\"wp-block-heading has-large-font-size\"><strong><a href=\"https:\/\/cannabis-europa.com\/\" target=\"_blank\" rel=\"noopener\">Cannabis Europa<\/a><\/strong><\/h3><p><strong>Konferenz &amp; Ausstellung\u00a0<\/strong>| Wo:\u00a0<strong>London, England\u00a0<\/strong>| Wann:\u00a0<strong>24-25 Juni 2025<\/strong><br \/>90% B2B - 10% B2C | 95% Medizin - 5% Freizeit<\/p><p class=\"has-text-color has-link-color\" style=\"color: #41bcc1;\"><strong>\u2726<\/strong> <strong>Lumino wird bei dieser Veranstaltung anwesend sein!<\/strong><\/p><p class=\"has-text-color has-link-color\">Ein f\u00fchrendes europ\u00e4isches\u00a0<strong>Cannabisindustrie<\/strong>\u00a0Konferenz. An der Veranstaltung nehmen \u00fcber\u00a0<strong>1.500 einflussreiche F\u00fchrungskr\u00e4fte<\/strong>Dazu geh\u00f6ren F\u00fchrungskr\u00e4fte von f\u00fchrenden Cannabisunternehmen, aktive Investoren, politische Entscheidungstr\u00e4ger und Pioniere der Branche. Die Konferenz kombiniert Networking auf hohem Niveau, Debatten und Lernm\u00f6glichkeiten und befasst sich mit den neuesten Markt- und Politikentwicklungen, die den europ\u00e4ischen Cannabissektor pr\u00e4gen. Zu den H\u00f6hepunkten geh\u00f6ren Pr\u00e4sentationen und Podiumsdiskussionen mit weltweit renommierten Rednern, Einblicke in die Fortschritte bei medizinischem Cannabis und in die rechtlichen Rahmenbedingungen sowie eine Boutique-Ausstellung mit folgenden Angeboten\u00a0<strong>\u00fcber 40 f\u00fchrende Unternehmen<\/strong>.<\/p><p><strong>\ud83c\udfab <a href=\"https:\/\/cannabis-europa.com\/register-for-tickets\/\" target=\"_blank\" rel=\"noopener\">Eintrittskarten<\/a><\/strong>\u00a0Kosten\u00a0<strong>\u00a3397.49<\/strong> (Fr\u00fchbucherpreis bis zum 27. Februar 2025)<\/p>\t\t\t\t\t\t\t\t<\/div>\n\t\t\t\t<\/div>\n\t\t\t\t<div class=\"elementor-element elementor-element-0958955 elementor-widget elementor-widget-spacer\" data-id=\"0958955\" data-element_type=\"widget\" data-e-type=\"widget\" data-widget_type=\"spacer.default\">\n\t\t\t\t<div class=\"elementor-widget-container\">\n\t\t\t\t\t\t\t<div class=\"elementor-spacer\">\n\t\t\t<div class=\"elementor-spacer-inner\"><\/div>\n\t\t<\/div>\n\t\t\t\t\t\t<\/div>\n\t\t\t\t<\/div>\n\t\t\t\t<div class=\"elementor-element elementor-element-30bed76 elementor-widget elementor-widget-text-editor\" data-id=\"30bed76\" data-element_type=\"widget\" data-e-type=\"widget\" data-widget_type=\"text-editor.default\">\n\t\t\t\t<div class=\"elementor-widget-container\">\n\t\t\t\t\t\t\t\t\t<div id=\"august\" class=\"elementor-element elementor-element-c426d13 elementor-widget elementor-widget-text-editor\" data-id=\"c426d13\" data-element_type=\"widget\" data-widget_type=\"text-editor.default\"><div class=\"elementor-widget-container\"><h2 id=\"august\" class=\"wp-block-heading has-text-align-center has-white-color has-text-color has-background has-link-color\" style=\"background: linear-gradient(135deg,#576fee 13%,#41bcc1 100%); border-radius: 20px; padding: 30px; text-align: center;\"><strong>AUGUST 2025 - CANNABIS-VERANSTALTUNG<\/strong><\/h2><\/div><\/div>\t\t\t\t\t\t\t\t<\/div>\n\t\t\t\t<\/div>\n\t\t\t\t<div class=\"elementor-element elementor-element-9901fc7 elementor-widget elementor-widget-spacer\" data-id=\"9901fc7\" data-element_type=\"widget\" data-e-type=\"widget\" data-widget_type=\"spacer.default\">\n\t\t\t\t<div class=\"elementor-widget-container\">\n\t\t\t\t\t\t\t<div class=\"elementor-spacer\">\n\t\t\t<div class=\"elementor-spacer-inner\"><\/div>\n\t\t<\/div>\n\t\t\t\t\t\t<\/div>\n\t\t\t\t<\/div>\n\t\t\t\t<div class=\"elementor-element elementor-element-6f22acf elementor-widget elementor-widget-text-editor\" data-id=\"6f22acf\" data-element_type=\"widget\" data-e-type=\"widget\" data-widget_type=\"text-editor.default\">\n\t\t\t\t<div class=\"elementor-widget-container\">\n\t\t\t\t\t\t\t\t\t<h3 class=\"wp-block-heading has-large-font-size\"><strong><a href=\"https:\/\/cannafair.nrw\/blog\/\" target=\"_blank\" rel=\"noopener\">Cannafair NRW<\/a><\/strong><\/h3><p><strong>Expo\u00a0<\/strong>| Wo:\u00a0<strong>D\u00fcsseldorf, Deutschland\u00a0<\/strong>| Wann:\u00a0<strong>8-10 August 2025<\/strong><br \/>30% B2B - 70% B2C | 20% Medizin - 80% Freizeit<\/p><p>Die j\u00e4hrlich stattfindende Veranstaltung in der Mitsubishi Electric Halle in D\u00fcsseldorf ist eine wichtige Plattform f\u00fcr die\u00a0<strong>Cannabis- und Hanfindustrie<\/strong>Sie pr\u00e4sentiert eine breite Palette von Produkten wie medizinisches Cannabis, CBD, D\u00fcngemittel, Hanfnahrung, Raucherzubeh\u00f6r und nachhaltige Textilien. Sie zieht sowohl Fachleute als auch die breite \u00d6ffentlichkeit an und f\u00f6rdert die Vernetzung, Bildung und Erkundung von Branchentrends. Die Messe bietet Aussteller aus ganz Europa, eine Konferenz mit Expertendiskussionen und spannende Aktivit\u00e4ten im attraktiven Au\u00dfenbereich.<\/p><p><strong>\ud83c\udfab <\/strong><a href=\"https:\/\/cannafair.ticket.io\/rxxe7kak\/\" target=\"_blank\" rel=\"noopener\"><strong>Fr\u00fchbucher-Tickets<\/strong><\/a>\u00a0starten von\u00a0<strong>\u20ac25\u00a0<\/strong>(1 Tag) bis\u00a0<strong>\u20ac109\u00a0<\/strong>(Business-Ticket f\u00fcr die gesamte Veranstaltung).<\/p>\t\t\t\t\t\t\t\t<\/div>\n\t\t\t\t<\/div>\n\t\t\t\t<div class=\"elementor-element elementor-element-7e63d8d elementor-widget elementor-widget-spacer\" data-id=\"7e63d8d\" data-element_type=\"widget\" data-e-type=\"widget\" data-widget_type=\"spacer.default\">\n\t\t\t\t<div class=\"elementor-widget-container\">\n\t\t\t\t\t\t\t<div class=\"elementor-spacer\">\n\t\t\t<div class=\"elementor-spacer-inner\"><\/div>\n\t\t<\/div>\n\t\t\t\t\t\t<\/div>\n\t\t\t\t<\/div>\n\t\t\t\t<div class=\"elementor-element elementor-element-ced46b4 elementor-widget elementor-widget-image\" data-id=\"ced46b4\" data-element_type=\"widget\" data-e-type=\"widget\" data-widget_type=\"image.default\">\n\t\t\t\t<div class=\"elementor-widget-container\">\n\t\t\t\t\t\t\t\t\t\t\t\t\t\t\t<img loading=\"lazy\" decoding=\"async\" width=\"1024\" height=\"288\" src=\"https:\/\/luminorecruit.com\/wp-content\/uploads\/2025\/02\/cannafairnrw_germany2-1024x288.webp\" class=\"attachment-large size-large wp-image-2241\" alt=\"Cannafair NRW in Deutschland - Cannabis-Event Europa 2025\" srcset=\"https:\/\/luminorecruit.com\/wp-content\/uploads\/2025\/02\/cannafairnrw_germany2-1024x288.webp 1024w, https:\/\/luminorecruit.com\/wp-content\/uploads\/2025\/02\/cannafairnrw_germany2-300x84.webp 300w, https:\/\/luminorecruit.com\/wp-content\/uploads\/2025\/02\/cannafairnrw_germany2-768x216.webp 768w, https:\/\/luminorecruit.com\/wp-content\/uploads\/2025\/02\/cannafairnrw_germany2-1536x432.webp 1536w, https:\/\/luminorecruit.com\/wp-content\/uploads\/2025\/02\/cannafairnrw_germany2.webp 1920w\" sizes=\"(max-width: 1024px) 100vw, 1024px\" \/>\t\t\t\t\t\t\t\t\t\t\t\t\t\t\t<\/div>\n\t\t\t\t<\/div>\n\t\t\t\t<div class=\"elementor-element elementor-element-5943511 elementor-widget elementor-widget-spacer\" data-id=\"5943511\" data-element_type=\"widget\" data-e-type=\"widget\" data-widget_type=\"spacer.default\">\n\t\t\t\t<div class=\"elementor-widget-container\">\n\t\t\t\t\t\t\t<div class=\"elementor-spacer\">\n\t\t\t<div class=\"elementor-spacer-inner\"><\/div>\n\t\t<\/div>\n\t\t\t\t\t\t<\/div>\n\t\t\t\t<\/div>\n\t\t\t\t<div class=\"elementor-element elementor-element-dcf7f96 elementor-widget elementor-widget-text-editor\" data-id=\"dcf7f96\" data-element_type=\"widget\" data-e-type=\"widget\" data-widget_type=\"text-editor.default\">\n\t\t\t\t<div class=\"elementor-widget-container\">\n\t\t\t\t\t\t\t\t\t<div id=\"september\" class=\"elementor-element elementor-element-c426d13 elementor-widget elementor-widget-text-editor\" data-id=\"c426d13\" data-element_type=\"widget\" data-widget_type=\"text-editor.default\"><div class=\"elementor-widget-container\"><h2 id=\"september\" class=\"wp-block-heading has-text-align-center has-white-color has-text-color has-background has-link-color\" style=\"background: linear-gradient(135deg,#576fee 13%,#41bcc1 100%); border-radius: 20px; padding: 30px; text-align: center;\"><strong>SEPTEMBER 2025 - CANNABIS-VERANSTALTUNGEN<\/strong><\/h2><\/div><\/div>\t\t\t\t\t\t\t\t<\/div>\n\t\t\t\t<\/div>\n\t\t\t\t<div class=\"elementor-element elementor-element-fe14924 elementor-widget elementor-widget-spacer\" data-id=\"fe14924\" data-element_type=\"widget\" data-e-type=\"widget\" data-widget_type=\"spacer.default\">\n\t\t\t\t<div class=\"elementor-widget-container\">\n\t\t\t\t\t\t\t<div class=\"elementor-spacer\">\n\t\t\t<div class=\"elementor-spacer-inner\"><\/div>\n\t\t<\/div>\n\t\t\t\t\t\t<\/div>\n\t\t\t\t<\/div>\n\t\t\t\t<div class=\"elementor-element elementor-element-1611a8a elementor-widget elementor-widget-text-editor\" data-id=\"1611a8a\" data-element_type=\"widget\" data-e-type=\"widget\" data-widget_type=\"text-editor.default\">\n\t\t\t\t<div class=\"elementor-widget-container\">\n\t\t\t\t\t\t\t\t\t<h3 class=\"wp-block-heading has-large-font-size\"><a href=\"https:\/\/www.expopharm.de\/messe\/apotheken\/event.php\" target=\"_blank\" rel=\"noopener\"><strong>Expopharm<\/strong><\/a><\/h3><p><strong>Expo\u00a0<\/strong>| Wo:\u00a0<strong>D\u00fcsseldorf, Deutschland\u00a0<\/strong>| Wann:\u00a0<strong>16-18 September 2025<\/strong><br \/>60% B2B - 40% B2C | Pharmazie &amp; Gesundheitswesen<\/p><p class=\"has-text-color has-link-color\" style=\"color: #41bcc1;\"><strong>\u2726<\/strong> <strong>Lumino wird bei dieser Veranstaltung anwesend sein!<\/strong><\/p><p class=\"has-text-color has-link-color\">Europas gr\u00f6\u00dfte\u00a0<strong>pharmazeutische Fachmesse<\/strong>auf der Messe D\u00fcsseldorf, lockt \u00fcber\u00a0<strong>500 Aussteller<\/strong>\u00a0und fast\u00a0<strong>27.000 Besucher<\/strong>Dazu geh\u00f6ren Apotheker, Apothekentechniker, medizinisches Fachpersonal und Entscheidungstr\u00e4ger der Branche. Die Expopharm dient als Plattform, um die neuesten Entwicklungen in den Bereichen pharmazeutische Innovationen, digitale L\u00f6sungen, Automatisierung, Abgabe und Unternehmensf\u00fchrung vorzustellen. Zu den wichtigsten Highlights geh\u00f6ren von Experten geleitete Pr\u00e4sentationen, Workshops und das inspirationLAB, in dem erfahrene Fachleute mit aufstrebenden Talenten zusammenarbeiten, um die dringenden Herausforderungen des Apothekenmarktes anzugehen.<\/p><p>\ud83c\udfab Der Kartenverkauf erfolgt nur um\u00a0<strong>Juni 2025<\/strong>. Zum Vergleich: Im letzten Jahr kosteten die Tickets\u00a0<strong>\u20ac38\u00a0<\/strong>(1 Tag) &amp;\u00a0<strong>\u20ac98\u00a0<\/strong>(gesamte Veranstaltung) - die Preise k\u00f6nnen in diesem Jahr abweichen.<\/p>\t\t\t\t\t\t\t\t<\/div>\n\t\t\t\t<\/div>\n\t\t\t\t<div class=\"elementor-element elementor-element-7b1d23e elementor-widget elementor-widget-spacer\" data-id=\"7b1d23e\" data-element_type=\"widget\" data-e-type=\"widget\" data-widget_type=\"spacer.default\">\n\t\t\t\t<div class=\"elementor-widget-container\">\n\t\t\t\t\t\t\t<div class=\"elementor-spacer\">\n\t\t\t<div class=\"elementor-spacer-inner\"><\/div>\n\t\t<\/div>\n\t\t\t\t\t\t<\/div>\n\t\t\t\t<\/div>\n\t\t\t\t<div class=\"elementor-element elementor-element-266b6ec elementor-widget elementor-widget-text-editor\" data-id=\"266b6ec\" data-element_type=\"widget\" data-e-type=\"widget\" data-widget_type=\"text-editor.default\">\n\t\t\t\t<div class=\"elementor-widget-container\">\n\t\t\t\t\t\t\t\t\t<h3 class=\"wp-block-heading has-large-font-size\"><strong><a href=\"https:\/\/www.intertabac.de\/en-gb\/inter-tabac\" target=\"_blank\" rel=\"noopener\">InterTabac | Cannabis Business Expo<\/a><\/strong><\/h3><p><strong>Expo\u00a0<\/strong>| Wo:\u00a0<strong>Dortmund, Deutschland\u00a0<\/strong>| Wann:\u00a0<strong>18-20 September 2025<\/strong><br \/>70% B2B - 30% B2C | Tabakprodukte | 40% Medizin - 60% Freizeit<\/p><p class=\"has-text-color has-link-color\" style=\"color: #41bcc1;\"><strong>\u2726<\/strong> <strong>Lumino wird bei dieser Veranstaltung anwesend sein!<\/strong><\/p><p class=\"has-text-color has-link-color\">Die weltweit gr\u00f6\u00dfte Fachmesse f\u00fcr\u00a0<strong>Tabakerzeugnisse und Raucherzubeh\u00f6r<\/strong>findet in der Messe Dortmund, Deutschland, statt. Diese erstklassige Veranstaltung richtet sich ausschlie\u00dflich an Fachbesucher und bietet rund\u00a0<strong>800 Aussteller<\/strong>\u00a0aus \u00fcber 70 L\u00e4ndern, die eine breite Palette von Produkten vorstellen, darunter Zigaretten, Zigarren, E-Zigaretten, Shishas, Produkte der n\u00e4chsten Generation und Raucherzubeh\u00f6r. Rund um\u00a0<strong>14.500 Teilnehmerinnen und Teilnehmer<\/strong>\u00a0werden zu einem Besuch erwartet. Die Veranstaltung bietet nun auch die\u00a0<strong>CB-Ausstellung<\/strong>und schuf damit eine spezielle Plattform f\u00fcr die Cannabisindustrie. Wir halten dies f\u00fcr eine der wichtigsten Cannabis-Veranstaltungen in Europa im Jahr 2025, da die Teilnehmer der CB Expo auch die M\u00f6glichkeit haben, ihr Netzwerk mit Unternehmen und Fachleuten aus verwandten Sektoren zu erweitern.<\/p><p>\ud83c\udfab Tickets sind derzeit nicht verf\u00fcgbar.<\/p>\t\t\t\t\t\t\t\t<\/div>\n\t\t\t\t<\/div>\n\t\t\t\t<div class=\"elementor-element elementor-element-068db88 elementor-widget elementor-widget-spacer\" data-id=\"068db88\" data-element_type=\"widget\" data-e-type=\"widget\" data-widget_type=\"spacer.default\">\n\t\t\t\t<div class=\"elementor-widget-container\">\n\t\t\t\t\t\t\t<div class=\"elementor-spacer\">\n\t\t\t<div class=\"elementor-spacer-inner\"><\/div>\n\t\t<\/div>\n\t\t\t\t\t\t<\/div>\n\t\t\t\t<\/div>\n\t\t\t\t<div class=\"elementor-element elementor-element-8a000d8 elementor-widget elementor-widget-image\" data-id=\"8a000d8\" data-element_type=\"widget\" data-e-type=\"widget\" data-widget_type=\"image.default\">\n\t\t\t\t<div class=\"elementor-widget-container\">\n\t\t\t\t\t\t\t\t\t\t\t\t\t\t\t<img loading=\"lazy\" decoding=\"async\" width=\"1024\" height=\"288\" src=\"https:\/\/luminorecruit.com\/wp-content\/uploads\/2025\/02\/intertabac2-1024x288.webp\" class=\"attachment-large size-large wp-image-2248\" alt=\"InterTabac Cannabis Business Expo - Cannabis-Veranstaltung Europa 2025\" srcset=\"https:\/\/luminorecruit.com\/wp-content\/uploads\/2025\/02\/intertabac2-1024x288.webp 1024w, https:\/\/luminorecruit.com\/wp-content\/uploads\/2025\/02\/intertabac2-300x84.webp 300w, https:\/\/luminorecruit.com\/wp-content\/uploads\/2025\/02\/intertabac2-768x216.webp 768w, https:\/\/luminorecruit.com\/wp-content\/uploads\/2025\/02\/intertabac2-1536x432.webp 1536w, https:\/\/luminorecruit.com\/wp-content\/uploads\/2025\/02\/intertabac2.webp 1920w\" sizes=\"(max-width: 1024px) 100vw, 1024px\" \/>\t\t\t\t\t\t\t\t\t\t\t\t\t\t\t<\/div>\n\t\t\t\t<\/div>\n\t\t\t\t<div class=\"elementor-element elementor-element-90846bc elementor-widget elementor-widget-spacer\" data-id=\"90846bc\" data-element_type=\"widget\" data-e-type=\"widget\" data-widget_type=\"spacer.default\">\n\t\t\t\t<div class=\"elementor-widget-container\">\n\t\t\t\t\t\t\t<div class=\"elementor-spacer\">\n\t\t\t<div class=\"elementor-spacer-inner\"><\/div>\n\t\t<\/div>\n\t\t\t\t\t\t<\/div>\n\t\t\t\t<\/div>\n\t\t\t\t<div class=\"elementor-element elementor-element-980a8f8 elementor-widget elementor-widget-text-editor\" data-id=\"980a8f8\" data-element_type=\"widget\" data-e-type=\"widget\" data-widget_type=\"text-editor.default\">\n\t\t\t\t<div class=\"elementor-widget-container\">\n\t\t\t\t\t\t\t\t\t<h3 class=\"wp-block-heading has-large-font-size\"><strong><a href=\"https:\/\/ptmc.pt\/\" target=\"_blank\" rel=\"noopener\">PTMC \u2013 Portugal Medical Cannabis<\/a><\/strong><\/h3><p><strong>Konferenz\u00a0<\/strong>| Wo:\u00a0<strong>Lissabon, Portugal\u00a0<\/strong>| Wann:\u00a0<strong>25-26 September 2025<\/strong><br \/>70% B2B - 30% B2C | 95% Medizin - 5% Freizeit<\/p><p class=\"has-text-color has-link-color\" style=\"color: #41bcc1;\"><strong>\u2726<\/strong> <strong>Lumino wird bei dieser Veranstaltung anwesend sein!<\/strong><\/p><p class=\"has-text-color has-link-color\">Die 7. Auflage der PTMC zieht an <strong>Teilnehmer aus \u00fcber 40 L\u00e4ndern<\/strong> in einer intimen Atmosph\u00e4re, die sinnvolle Diskussionen, hochwertiges Networking und einen tiefen Einblick in die sich entwickelnde Landschaft der\u00a0<strong>medizinisches Cannabis.\u00a0<\/strong>Die Konferenz bringt hochkar\u00e4tige Redner, bahnbrechende Forschungsergebnisse und ein engagiertes Publikum aus Fachleuten, Forschern, Regulierungsbeh\u00f6rden und Enthusiasten zusammen.<\/p><p>\ud83c\udfab Tickets sind derzeit nicht verf\u00fcgbar. Wenn Sie daran interessiert sind, die Veranstaltung zu sponsern, wenden Sie sich an Fernando Bandr\u00e9s unter <strong><a href=\"mailto:info@ptmc.pt\">info@ptmc.pt<\/a><\/strong><\/p>\t\t\t\t\t\t\t\t<\/div>\n\t\t\t\t<\/div>\n\t\t\t\t<div class=\"elementor-element elementor-element-9046a65 elementor-widget elementor-widget-spacer\" data-id=\"9046a65\" data-element_type=\"widget\" data-e-type=\"widget\" data-widget_type=\"spacer.default\">\n\t\t\t\t<div class=\"elementor-widget-container\">\n\t\t\t\t\t\t\t<div class=\"elementor-spacer\">\n\t\t\t<div class=\"elementor-spacer-inner\"><\/div>\n\t\t<\/div>\n\t\t\t\t\t\t<\/div>\n\t\t\t\t<\/div>\n\t\t\t\t<div class=\"elementor-element elementor-element-491252f elementor-widget elementor-widget-text-editor\" data-id=\"491252f\" data-element_type=\"widget\" data-e-type=\"widget\" data-widget_type=\"text-editor.default\">\n\t\t\t\t<div class=\"elementor-widget-container\">\n\t\t\t\t\t\t\t\t\t<div id=\"october\" class=\"elementor-element elementor-element-c426d13 elementor-widget elementor-widget-text-editor\" data-id=\"c426d13\" data-element_type=\"widget\" data-widget_type=\"text-editor.default\"><div class=\"elementor-widget-container\"><h2 id=\"october\" class=\"wp-block-heading has-text-align-center has-white-color has-text-color has-background has-link-color\" style=\"background: linear-gradient(135deg,#576fee 13%,#41bcc1 100%); border-radius: 20px; padding: 30px; text-align: center;\"><strong>OKTOBER 2025 - CANNABIS-VERANSTALTUNG<\/strong><\/h2><\/div><\/div>\t\t\t\t\t\t\t\t<\/div>\n\t\t\t\t<\/div>\n\t\t\t\t<div class=\"elementor-element elementor-element-6da911f elementor-widget elementor-widget-spacer\" data-id=\"6da911f\" data-element_type=\"widget\" data-e-type=\"widget\" data-widget_type=\"spacer.default\">\n\t\t\t\t<div class=\"elementor-widget-container\">\n\t\t\t\t\t\t\t<div class=\"elementor-spacer\">\n\t\t\t<div class=\"elementor-spacer-inner\"><\/div>\n\t\t<\/div>\n\t\t\t\t\t\t<\/div>\n\t\t\t\t<\/div>\n\t\t\t\t<div class=\"elementor-element elementor-element-a6b97b9 elementor-widget elementor-widget-text-editor\" data-id=\"a6b97b9\" data-element_type=\"widget\" data-e-type=\"widget\" data-widget_type=\"text-editor.default\">\n\t\t\t\t<div class=\"elementor-widget-container\">\n\t\t\t\t\t\t\t\t\t<h3 class=\"wp-block-heading has-large-font-size\"><strong><a href=\"https:\/\/www.cultiva.at\/-\/index.htm\" target=\"_blank\" rel=\"noopener\">Cultiva Hanfexpo<\/a><\/strong><\/h3><p><strong>Expo\u00a0<\/strong>| Wo:\u00a0<strong>Wien, \u00d6sterreich\u00a0<\/strong>| Wann:\u00a0<strong>3-5 Oktober 2025<\/strong><br \/>40% B2B - 60% B2C | 40% Medizin - 60% Freizeit<\/p><p>\u00d6sterreichs wichtigste Cannabis- und Hanfmesse, die in der Marx Halle in Wien stattfindet. Diese internationale Veranstaltung konzentriert sich darauf, die Vielseitigkeit der Hanfpflanze zu zeigen.\u00a0<strong>Hanfpflanze<\/strong>\u00a0und seine Komponente CBD, die \u00fcber\u00a0<strong>120 Aussteller<\/strong>\u00a0&amp; vorbei\u00a0<strong>500 Besucher<\/strong>\u00a0aus verschiedenen Sektoren. Zu den behandelten Themen geh\u00f6ren\u00a0<strong>Medizinisches Cannabis, CBD-Produkte, Kosmetika, Textilien, Baumaterialien, Lebensmittel und Vaping<\/strong>. Die Veranstaltung richtet sich sowohl an Fachleute aus der Branche als auch an die breite \u00d6ffentlichkeit und bietet eine Kombination aus Ausstellungen, Workshops und ansprechenden Programmen wie gemeinsamen Rollwettbewerben, Glasbl\u00e4servorf\u00fchrungen und Live-Musik.<\/p><p><strong>\ud83c\udfab<a href=\"https:\/\/www.cultiva.at\/-\/Tickets\" target=\"_blank\" rel=\"noopener\"> Fr\u00fchbucher-Tickets<\/a><\/strong>\u00a0starten von\u00a0<strong>\u20ac12\u00a0<\/strong>(1 Tag) bis\u00a0<strong>\u20ac30\u00a0<\/strong>(gesamte Veranstaltung).<\/p>\t\t\t\t\t\t\t\t<\/div>\n\t\t\t\t<\/div>\n\t\t\t\t<div class=\"elementor-element elementor-element-9082389 elementor-widget elementor-widget-spacer\" data-id=\"9082389\" data-element_type=\"widget\" data-e-type=\"widget\" data-widget_type=\"spacer.default\">\n\t\t\t\t<div class=\"elementor-widget-container\">\n\t\t\t\t\t\t\t<div class=\"elementor-spacer\">\n\t\t\t<div class=\"elementor-spacer-inner\"><\/div>\n\t\t<\/div>\n\t\t\t\t\t\t<\/div>\n\t\t\t\t<\/div>\n\t\t\t\t<div class=\"elementor-element elementor-element-f912143 elementor-widget elementor-widget-image\" data-id=\"f912143\" data-element_type=\"widget\" data-e-type=\"widget\" data-widget_type=\"image.default\">\n\t\t\t\t<div class=\"elementor-widget-container\">\n\t\t\t\t\t\t\t\t\t\t\t\t\t\t\t<img loading=\"lazy\" decoding=\"async\" width=\"1024\" height=\"288\" src=\"https:\/\/luminorecruit.com\/wp-content\/uploads\/2025\/02\/cultiva_hanfexpo2-1024x288.webp\" class=\"attachment-large size-large wp-image-2243\" alt=\"Cultiva Hanfexpo in Wien, \u00d6sterreich - cannabis event europe 2025\" srcset=\"https:\/\/luminorecruit.com\/wp-content\/uploads\/2025\/02\/cultiva_hanfexpo2-1024x288.webp 1024w, https:\/\/luminorecruit.com\/wp-content\/uploads\/2025\/02\/cultiva_hanfexpo2-300x84.webp 300w, https:\/\/luminorecruit.com\/wp-content\/uploads\/2025\/02\/cultiva_hanfexpo2-768x216.webp 768w, https:\/\/luminorecruit.com\/wp-content\/uploads\/2025\/02\/cultiva_hanfexpo2-1536x432.webp 1536w, https:\/\/luminorecruit.com\/wp-content\/uploads\/2025\/02\/cultiva_hanfexpo2.webp 1920w\" sizes=\"(max-width: 1024px) 100vw, 1024px\" \/>\t\t\t\t\t\t\t\t\t\t\t\t\t\t\t<\/div>\n\t\t\t\t<\/div>\n\t\t\t\t<div class=\"elementor-element elementor-element-e6a7d1a elementor-widget elementor-widget-spacer\" data-id=\"e6a7d1a\" data-element_type=\"widget\" data-e-type=\"widget\" data-widget_type=\"spacer.default\">\n\t\t\t\t<div class=\"elementor-widget-container\">\n\t\t\t\t\t\t\t<div class=\"elementor-spacer\">\n\t\t\t<div class=\"elementor-spacer-inner\"><\/div>\n\t\t<\/div>\n\t\t\t\t\t\t<\/div>\n\t\t\t\t<\/div>\n\t\t\t\t<div class=\"elementor-element elementor-element-ee9d68a elementor-widget elementor-widget-text-editor\" data-id=\"ee9d68a\" data-element_type=\"widget\" data-e-type=\"widget\" data-widget_type=\"text-editor.default\">\n\t\t\t\t<div class=\"elementor-widget-container\">\n\t\t\t\t\t\t\t\t\t<div id=\"november\" class=\"elementor-element elementor-element-c426d13 elementor-widget elementor-widget-text-editor\" data-id=\"c426d13\" data-element_type=\"widget\" data-widget_type=\"text-editor.default\"><div class=\"elementor-widget-container\"><h2 id=\"november\" class=\"wp-block-heading has-text-align-center has-white-color has-text-color has-background has-link-color\" style=\"background: linear-gradient(135deg,#576fee 13%,#41bcc1 100%); border-radius: 20px; padding: 30px; text-align: center;\"><strong>NOVEMBER 2025 - CANNABIS-VERANSTALTUNG<\/strong><\/h2><\/div><\/div>\t\t\t\t\t\t\t\t<\/div>\n\t\t\t\t<\/div>\n\t\t\t\t<div class=\"elementor-element elementor-element-53e9198 elementor-widget elementor-widget-spacer\" data-id=\"53e9198\" data-element_type=\"widget\" data-e-type=\"widget\" data-widget_type=\"spacer.default\">\n\t\t\t\t<div class=\"elementor-widget-container\">\n\t\t\t\t\t\t\t<div class=\"elementor-spacer\">\n\t\t\t<div class=\"elementor-spacer-inner\"><\/div>\n\t\t<\/div>\n\t\t\t\t\t\t<\/div>\n\t\t\t\t<\/div>\n\t\t\t\t<div class=\"elementor-element elementor-element-e892b76 elementor-widget elementor-widget-text-editor\" data-id=\"e892b76\" data-element_type=\"widget\" data-e-type=\"widget\" data-widget_type=\"text-editor.default\">\n\t\t\t\t<div class=\"elementor-widget-container\">\n\t\t\t\t\t\t\t\t\t<h3 class=\"wp-block-heading has-large-font-size\"><strong><a href=\"https:\/\/www.cannafest.com\/en\/\" target=\"_blank\" rel=\"noopener\">Cannafest<\/a><\/strong><\/h3><p><strong>Expo\u00a0<\/strong>| Wo:\u00a0<strong>Prag, Tschechische Republik\u00a0<\/strong>| Wann:\u00a0<strong>7-9 November 2025<\/strong><br \/>30% B2B - 70% B2C | 30% Medizin - 70% Freizeit<\/p><p class=\"has-text-color has-link-color\" style=\"color: #41bcc1;\"><strong>\u2726<\/strong> <strong>Lumino wird bei dieser Veranstaltung anwesend sein!<\/strong><\/p><p class=\"has-text-color has-link-color\">Eine der gr\u00f6\u00dften internationalen Cannabis-Messen findet auf der PVA Expo Praha Let\u0148any in Prag, Tschechische Republik, statt. Diese Veranstaltung zieht Cannabis-Enthusiasten, Branchenprofis und Experten aus der ganzen Welt an. Mit einem Schwerpunkt auf\u00a0<strong>medizinisches Cannabis, Anbautechnik und Hanfprodukte<\/strong>Das Cannafest bietet einen umfassenden Ausstellungsbereich, in dem Innovationen rund um Cannabis pr\u00e4sentiert werden, von Samen bis hin zu Hautpflege- und Wellnessprodukten. Dar\u00fcber hinaus bietet die Veranstaltung Vortr\u00e4ge, Workshops und Podiumsdiskussionen zu Themen wie rechtlichen Rahmenbedingungen, medizinischen Anwendungen und Fortschritten in der Cannabis-Technologie. Rund um\u00a0<strong>20.000 Besucher<\/strong>\u00a0und\u00a0<strong>190 Aussteller<\/strong> werden dort erwartet.<\/p><p><strong>\ud83c\udfab <a href=\"https:\/\/www.cannafest.com\/en\/for-visitors\/tickets\/\" target=\"_blank\" rel=\"noopener\">Eintrittskarten<\/a><\/strong>kosten, wenn sie online gekauft werden\u00a0<strong>\u20ac10\u00a0<\/strong>(1 Tag) und\u00a0<strong>\u20ac16\u00a0<\/strong>(gesamte Veranstaltung). Im Rahmen der 3+1-Aktion erhalten Sie ein kostenloses Ticket, wenn Sie 3 Tickets online kaufen.<\/p>\t\t\t\t\t\t\t\t<\/div>\n\t\t\t\t<\/div>\n\t\t\t\t<div class=\"elementor-element elementor-element-70816a6 elementor-widget elementor-widget-spacer\" data-id=\"70816a6\" data-element_type=\"widget\" data-e-type=\"widget\" data-widget_type=\"spacer.default\">\n\t\t\t\t<div class=\"elementor-widget-container\">\n\t\t\t\t\t\t\t<div class=\"elementor-spacer\">\n\t\t\t<div class=\"elementor-spacer-inner\"><\/div>\n\t\t<\/div>\n\t\t\t\t\t\t<\/div>\n\t\t\t\t<\/div>\n\t\t\t\t<div class=\"elementor-element elementor-element-1245e60 elementor-widget elementor-widget-image\" data-id=\"1245e60\" data-element_type=\"widget\" data-e-type=\"widget\" data-widget_type=\"image.default\">\n\t\t\t\t<div class=\"elementor-widget-container\">\n\t\t\t\t\t\t\t\t\t\t\t\t\t\t\t<img loading=\"lazy\" decoding=\"async\" width=\"1024\" height=\"288\" src=\"https:\/\/luminorecruit.com\/wp-content\/uploads\/2025\/02\/cannafest2-1024x288.webp\" class=\"attachment-large size-large wp-image-2242\" alt=\"Cannafest in Prag, Tschechische Republik - cannabis event europe 2025\" srcset=\"https:\/\/luminorecruit.com\/wp-content\/uploads\/2025\/02\/cannafest2-1024x288.webp 1024w, https:\/\/luminorecruit.com\/wp-content\/uploads\/2025\/02\/cannafest2-300x84.webp 300w, https:\/\/luminorecruit.com\/wp-content\/uploads\/2025\/02\/cannafest2-768x216.webp 768w, https:\/\/luminorecruit.com\/wp-content\/uploads\/2025\/02\/cannafest2-1536x432.webp 1536w, https:\/\/luminorecruit.com\/wp-content\/uploads\/2025\/02\/cannafest2.webp 1920w\" sizes=\"(max-width: 1024px) 100vw, 1024px\" \/>\t\t\t\t\t\t\t\t\t\t\t\t\t\t\t<\/div>\n\t\t\t\t<\/div>\n\t\t\t\t<\/div>\n\t\t\t\t<\/div>","protected":false},"excerpt":{"rendered":"<p>Ready for 2026? Discover the most recommended European cannabis events in 2026,and purchase tickets at super early bird prices. Want to know the which industry events to attend in Europe&#8230;<\/p>","protected":false},"author":2,"featured_media":2078,"comment_status":"closed","ping_status":"closed","sticky":false,"template":"","format":"standard","meta":{"footnotes":""},"categories":[38,37],"tags":[],"class_list":{"0":"post-1426","1":"post","2":"type-post","3":"status-publish","4":"format-standard","5":"has-post-thumbnail","7":"category-european-cannabis-events","8":"category-european-cannabis-industry"},"views":190,"_links":{"self":[{"href":"https:\/\/luminorecruit.com\/de\/wp-json\/wp\/v2\/posts\/1426","targetHints":{"allow":["GET"]}}],"collection":[{"href":"https:\/\/luminorecruit.com\/de\/wp-json\/wp\/v2\/posts"}],"about":[{"href":"https:\/\/luminorecruit.com\/de\/wp-json\/wp\/v2\/types\/post"}],"author":[{"embeddable":true,"href":"https:\/\/luminorecruit.com\/de\/wp-json\/wp\/v2\/users\/2"}],"replies":[{"embeddable":true,"href":"https:\/\/luminorecruit.com\/de\/wp-json\/wp\/v2\/comments?post=1426"}],"version-history":[{"count":159,"href":"https:\/\/luminorecruit.com\/de\/wp-json\/wp\/v2\/posts\/1426\/revisions"}],"predecessor-version":[{"id":3589,"href":"https:\/\/luminorecruit.com\/de\/wp-json\/wp\/v2\/posts\/1426\/revisions\/3589"}],"wp:featuredmedia":[{"embeddable":true,"href":"https:\/\/luminorecruit.com\/de\/wp-json\/wp\/v2\/media\/2078"}],"wp:attachment":[{"href":"https:\/\/luminorecruit.com\/de\/wp-json\/wp\/v2\/media?parent=1426"}],"wp:term":[{"taxonomy":"category","embeddable":true,"href":"https:\/\/luminorecruit.com\/de\/wp-json\/wp\/v2\/categories?post=1426"},{"taxonomy":"post_tag","embeddable":true,"href":"https:\/\/luminorecruit.com\/de\/wp-json\/wp\/v2\/tags?post=1426"}],"curies":[{"name":"wp","href":"https:\/\/api.w.org\/{rel}","templated":true}]}}