{"id":2402,"date":"2025-03-05T15:44:31","date_gmt":"2025-03-05T15:44:31","guid":{"rendered":"https:\/\/luminorecruit.com\/?p=2402"},"modified":"2025-04-15T15:43:08","modified_gmt":"2025-04-15T15:43:08","slug":"deutsche-cannabispolitik-2025-rene-repasi","status":"publish","type":"post","link":"https:\/\/luminorecruit.com\/de\/german-cannabis-policy-2025-rene-repasi\/","title":{"rendered":"Wird das CanG im Jahr 2025 abgeschafft? Entwicklungen in der Cannabispolitik - Deutschland"},"content":{"rendered":"<div data-elementor-type=\"wp-post\" data-elementor-id=\"2402\" class=\"elementor elementor-2402\" data-elementor-post-type=\"post\">\n\t\t\t\t<div class=\"elementor-element elementor-element-67651f4 e-flex e-con-boxed e-con e-parent\" data-id=\"67651f4\" data-element_type=\"container\" data-e-type=\"container\">\n\t\t\t\t\t<div class=\"e-con-inner\">\n\t\t<div class=\"elementor-element elementor-element-3b51941 e-con-full e-flex e-con e-child\" data-id=\"3b51941\" data-element_type=\"container\" data-e-type=\"container\">\n\t\t\t\t<div class=\"elementor-element elementor-element-931a7fd elementor-widget elementor-widget-text-editor\" data-id=\"931a7fd\" data-element_type=\"widget\" data-e-type=\"widget\" data-widget_type=\"text-editor.default\">\n\t\t\t\t<div class=\"elementor-widget-container\">\n\t\t\t\t\t\t\t\t\t<p>Die Wochen vor der Bundestagswahl am 23. Februar 2025 waren gepr\u00e4gt von vielen Spekulationen \u00fcber die Zukunft der deutschen Cannabislegalisierung.<\/p><p>Dazu geh\u00f6rte Folgendes<span style=\"text-align: var(--text-align);\"> Gespr\u00e4ch zwischen Moritz F\u00f6rster, Chefredakteur von Krautinvest.de, und Ren\u00e9 Repasi, SPD-Abgeordneter im Europ\u00e4ischen Parlament, in dem die <\/span><strong style=\"text-align: var(--text-align);\">Aktuelle Entwicklungen der Cannabispolitik in Deutschland und Europa<\/strong><span style=\"text-align: var(--text-align);\"> werden diskutiert. Repasi, der auch Professor f\u00fcr Europarecht war, kommentiert die Herausforderungen und Chancen der Legalisierung im Kontext des europ\u00e4ischen Rechts.<\/span><\/p><p>Sie k\u00f6nnen den Podcast unten anh\u00f6ren (auf Deutsch), oder hier mitverfolgen <strong><a href=\"#transcript\">vollst\u00e4ndige englische Abschrift<\/a><\/strong>.<\/p>\t\t\t\t\t\t\t\t<\/div>\n\t\t\t\t<\/div>\n\t\t\t\t<div class=\"elementor-element elementor-element-25dc41f elementor-widget elementor-widget-spacer\" data-id=\"25dc41f\" data-element_type=\"widget\" data-e-type=\"widget\" data-widget_type=\"spacer.default\">\n\t\t\t\t<div class=\"elementor-widget-container\">\n\t\t\t\t\t\t\t<div class=\"elementor-spacer\">\n\t\t\t<div class=\"elementor-spacer-inner\"><\/div>\n\t\t<\/div>\n\t\t\t\t\t\t<\/div>\n\t\t\t\t<\/div>\n\t\t\t\t<div class=\"elementor-element elementor-element-e791af3 elementor-widget elementor-widget-html\" data-id=\"e791af3\" data-element_type=\"widget\" data-e-type=\"widget\" data-widget_type=\"html.default\">\n\t\t\t\t<div class=\"elementor-widget-container\">\n\t\t\t\t\t<script class=\"podigee-podcast-player\" src=\"https:\/\/player.podigee-cdn.net\/podcast-player\/javascripts\/podigee-podcast-player.js\" data-configuration=\"https:\/\/podcast497f50.podigee.io\/14-neue-episode\/embed?context=external\"><\/script>\t\t\t\t<\/div>\n\t\t\t\t<\/div>\n\t\t\t\t<\/div>\n\t\t\t\t\t<\/div>\n\t\t\t\t<\/div>\n\t\t<div class=\"elementor-element elementor-element-dbb81cc e-con-full e-flex e-con e-parent\" data-id=\"dbb81cc\" data-element_type=\"container\" data-e-type=\"container\">\n\t\t\t\t<div class=\"elementor-element elementor-element-f61a745 elementor-widget elementor-widget-spacer\" data-id=\"f61a745\" data-element_type=\"widget\" data-e-type=\"widget\" data-widget_type=\"spacer.default\">\n\t\t\t\t<div class=\"elementor-widget-container\">\n\t\t\t\t\t\t\t<div class=\"elementor-spacer\">\n\t\t\t<div class=\"elementor-spacer-inner\"><\/div>\n\t\t<\/div>\n\t\t\t\t\t\t<\/div>\n\t\t\t\t<\/div>\n\t\t\t\t<div class=\"elementor-element elementor-element-eacbed4 elementor-widget elementor-widget-heading\" data-id=\"eacbed4\" data-element_type=\"widget\" data-e-type=\"widget\" data-widget_type=\"heading.default\">\n\t\t\t\t<div class=\"elementor-widget-container\">\n\t\t\t\t\t<h2 class=\"elementor-heading-title elementor-size-default\">Zusammenfassung der Entwicklungen in der Cannabispolitik, Deutschland 2025<\/h2>\t\t\t\t<\/div>\n\t\t\t\t<\/div>\n\t\t\t\t<div class=\"elementor-element elementor-element-20b6b06 elementor-widget elementor-widget-spacer\" data-id=\"20b6b06\" data-element_type=\"widget\" data-e-type=\"widget\" data-widget_type=\"spacer.default\">\n\t\t\t\t<div class=\"elementor-widget-container\">\n\t\t\t\t\t\t\t<div class=\"elementor-spacer\">\n\t\t\t<div class=\"elementor-spacer-inner\"><\/div>\n\t\t<\/div>\n\t\t\t\t\t\t<\/div>\n\t\t\t\t<\/div>\n\t\t\t\t<div class=\"elementor-element elementor-element-a2325c4 elementor-widget elementor-widget-text-editor\" data-id=\"a2325c4\" data-element_type=\"widget\" data-e-type=\"widget\" data-widget_type=\"text-editor.default\">\n\t\t\t\t<div class=\"elementor-widget-container\">\n\t\t\t\t\t\t\t\t\t<p>Deutschlands ehrgeizige Pl\u00e4ne zur Legalisierung von Cannabis stehen vor erheblichen H\u00fcrden. Druck kommt nicht nur von der konservativen CDU\/CSU, die die Umsetzung in der n\u00e4chsten Legislaturperiode stoppen will, sondern auch aus dem europ\u00e4ischen Rechtsrahmen.<\/p><p>Laut Repasi setzt sich die SPD - zusammen mit der Freien Demokratischen Partei (FDP) und den Gr\u00fcnen, die gemeinsam als Ampelkoalition bekannt sind - zwar weiterhin f\u00fcr eine Legalisierung ein, doch das geltende europ\u00e4ische Recht betrachtet Cannabis immer noch durch die Brille des 20. Jahrhunderts und stuft es als illegale Droge ein. Jahrhunderts und stuft es als illegale Droge ein. Dies schafft eine komplexe Situation, in der eine vollst\u00e4ndige Legalisierung wahrscheinlich vom Europ\u00e4ischen Gerichtshof abgelehnt werden w\u00fcrde. Der einzige vorhersehbare Weg zu einer vollst\u00e4ndigen Legalisierung w\u00fcrde eine \u00c4nderung des europ\u00e4ischen Rechts selbst erfordern. Eine gro\u00dfe Herausforderung dabei ist, dass jede \u00c4nderung der bestehenden Gesetze eine qualifizierte Mehrheit erfordert, die mindestens 55% der EU-Mitgliedstaaten repr\u00e4sentiert. Derzeit ist diese Schwelle unerreichbar, da mehrere Mitgliedstaaten in der Cannabispolitik konservative Positionen vertreten.<\/p>\t\t\t\t\t\t\t\t<\/div>\n\t\t\t\t<\/div>\n\t\t\t\t<div class=\"elementor-element elementor-element-3908d2d elementor-widget elementor-widget-spacer\" data-id=\"3908d2d\" data-element_type=\"widget\" data-e-type=\"widget\" data-widget_type=\"spacer.default\">\n\t\t\t\t<div class=\"elementor-widget-container\">\n\t\t\t\t\t\t\t<div class=\"elementor-spacer\">\n\t\t\t<div class=\"elementor-spacer-inner\"><\/div>\n\t\t<\/div>\n\t\t\t\t\t\t<\/div>\n\t\t\t\t<\/div>\n\t\t\t\t<div class=\"elementor-element elementor-element-89f32e1 elementor-widget elementor-widget-heading\" data-id=\"89f32e1\" data-element_type=\"widget\" data-e-type=\"widget\" data-widget_type=\"heading.default\">\n\t\t\t\t<div class=\"elementor-widget-container\">\n\t\t\t\t\t<h3 class=\"elementor-heading-title elementor-size-default\">Anzeichen von Fortschritt in Europa<\/h3>\t\t\t\t<\/div>\n\t\t\t\t<\/div>\n\t\t\t\t<div class=\"elementor-element elementor-element-e844990 elementor-widget elementor-widget-text-editor\" data-id=\"e844990\" data-element_type=\"widget\" data-e-type=\"widget\" data-widget_type=\"text-editor.default\">\n\t\t\t\t<div class=\"elementor-widget-container\">\n\t\t\t\t\t\t\t\t\t<p>Ein m\u00f6glicher Durchbruch k\u00f6nnte durch die bevorstehende Evaluierung des Rahmenbeschlusses 2004-757 \u00fcber den Drogenhandel durch die Europ\u00e4ische Kommission erzielt werden, wobei konkrete Vorschl\u00e4ge f\u00fcr 2026 erwartet werden. Eine vorgeschlagene L\u00f6sung besteht darin, eine Ausnahmeklausel zu schaffen, die es einzelnen L\u00e4ndern erm\u00f6glicht, Cannabis innerhalb ihrer Grenzen zu legalisieren, ohne den Binnenmarkt zu st\u00f6ren. Das niederl\u00e4ndische \"Weed-Experiment\", das die legale Cannabisproduktion und -verteilung in zehn St\u00e4dten erlaubt, dient als interessanter Testfall f\u00fcr andere europ\u00e4ische L\u00e4nder. In der Zwischenzeit stellt die deutsche CanG-Gesetzgebung, die sich auf die Entkriminalisierung konzentriert, einen bedeutenden Schritt nach vorn dar, den die SPD zu sch\u00fctzen beabsichtigt.<\/p>\t\t\t\t\t\t\t\t<\/div>\n\t\t\t\t<\/div>\n\t\t\t\t<div class=\"elementor-element elementor-element-061a755 elementor-widget elementor-widget-spacer\" data-id=\"061a755\" data-element_type=\"widget\" data-e-type=\"widget\" data-widget_type=\"spacer.default\">\n\t\t\t\t<div class=\"elementor-widget-container\">\n\t\t\t\t\t\t\t<div class=\"elementor-spacer\">\n\t\t\t<div class=\"elementor-spacer-inner\"><\/div>\n\t\t<\/div>\n\t\t\t\t\t\t<\/div>\n\t\t\t\t<\/div>\n\t\t\t\t<div class=\"elementor-element elementor-element-707c4dc elementor-widget elementor-widget-image\" data-id=\"707c4dc\" data-element_type=\"widget\" data-e-type=\"widget\" data-widget_type=\"image.default\">\n\t\t\t\t<div class=\"elementor-widget-container\">\n\t\t\t\t\t\t\t\t\t\t\t\t\t\t\t<img fetchpriority=\"high\" decoding=\"async\" width=\"1000\" height=\"500\" src=\"https:\/\/luminorecruit.com\/wp-content\/uploads\/2025\/03\/CDU-and-SPD-1000x500.webp\" class=\"attachment-wide size-wide wp-image-2415\" alt=\"Plakate von CDU und SPD\" srcset=\"https:\/\/luminorecruit.com\/wp-content\/uploads\/2025\/03\/CDU-and-SPD-1000x500.webp 1000w, https:\/\/luminorecruit.com\/wp-content\/uploads\/2025\/03\/CDU-and-SPD-670x335.webp 670w\" sizes=\"(max-width: 1000px) 100vw, 1000px\" \/>\t\t\t\t\t\t\t\t\t\t\t\t\t\t\t<\/div>\n\t\t\t\t<\/div>\n\t\t\t\t<div class=\"elementor-element elementor-element-236f211 elementor-widget elementor-widget-spacer\" data-id=\"236f211\" data-element_type=\"widget\" data-e-type=\"widget\" data-widget_type=\"spacer.default\">\n\t\t\t\t<div class=\"elementor-widget-container\">\n\t\t\t\t\t\t\t<div class=\"elementor-spacer\">\n\t\t\t<div class=\"elementor-spacer-inner\"><\/div>\n\t\t<\/div>\n\t\t\t\t\t\t<\/div>\n\t\t\t\t<\/div>\n\t\t\t\t<div class=\"elementor-element elementor-element-0aea951 elementor-widget elementor-widget-heading\" data-id=\"0aea951\" data-element_type=\"widget\" data-e-type=\"widget\" data-widget_type=\"heading.default\">\n\t\t\t\t<div class=\"elementor-widget-container\">\n\t\t\t\t\t<h3 class=\"elementor-heading-title elementor-size-default\">Wird das CanG mit der CDU\/CSU an der Macht zur\u00fcckgenommen?<\/h3>\t\t\t\t<\/div>\n\t\t\t\t<\/div>\n\t\t\t\t<div class=\"elementor-element elementor-element-c7fce87 elementor-widget elementor-widget-text-editor\" data-id=\"c7fce87\" data-element_type=\"widget\" data-e-type=\"widget\" data-widget_type=\"text-editor.default\">\n\t\t\t\t<div class=\"elementor-widget-container\">\n\t\t\t\t\t\t\t\t\t<p>Repasi versicherte, dass die SPD in den Koalitionsverhandlungen mit der CDU\/CSU zu Zugest\u00e4ndnissen bereit sei. Er betont, dass das CanG, das die Entkriminalisierung regelt, nicht zur Debatte stehe. Er sieht wenig Spielraum f\u00fcr restriktivere Ma\u00dfnahmen, da das europ\u00e4ische Recht bereits enge Grenzen setzt. Allenfalls \"wenn es restriktiver werden sollte, wird es wohl im Rahmen des CanG selbst geschehen\". Und selbst wenn die CDU\/CSU eine vollst\u00e4ndige R\u00fcckkehr zum Status quo vor dem CanG anstreben sollte, so w\u00e4re dies rechtlich und praktisch schwierig.<\/p>\t\t\t\t\t\t\t\t<\/div>\n\t\t\t\t<\/div>\n\t\t\t\t<div class=\"elementor-element elementor-element-1ab0c30 elementor-widget elementor-widget-spacer\" data-id=\"1ab0c30\" data-element_type=\"widget\" data-e-type=\"widget\" data-widget_type=\"spacer.default\">\n\t\t\t\t<div class=\"elementor-widget-container\">\n\t\t\t\t\t\t\t<div class=\"elementor-spacer\">\n\t\t\t<div class=\"elementor-spacer-inner\"><\/div>\n\t\t<\/div>\n\t\t\t\t\t\t<\/div>\n\t\t\t\t<\/div>\n\t\t\t\t<div class=\"elementor-element elementor-element-044803d elementor-widget elementor-widget-testimonial\" data-id=\"044803d\" data-element_type=\"widget\" data-e-type=\"widget\" data-widget_type=\"testimonial.default\">\n\t\t\t\t<div class=\"elementor-widget-container\">\n\t\t\t\t\t\t\t<div class=\"elementor-testimonial-wrapper\">\n\t\t\t\t\t\t\t<div class=\"elementor-testimonial-content\">\"Hier wurden Vertr\u00e4ge geschlossen... Was bereits besteht, kann also nicht gek\u00fcndigt werden... Im Wahlkampf sagt man so etwas gerne, weil man vor der eigenen W\u00e4hlerschaft die Muskeln spielen lassen will. Aber in der Praxis sieht es ganz anders aus.\"<\/div>\n\t\t\t\n\t\t\t\t\t\t<div class=\"elementor-testimonial-meta elementor-has-image elementor-testimonial-image-position-aside\">\n\t\t\t\t<div class=\"elementor-testimonial-meta-inner\">\n\t\t\t\t\t\t\t\t\t\t\t<div class=\"elementor-testimonial-image\">\n\t\t\t\t\t\t\t<img decoding=\"async\" width=\"200\" height=\"200\" src=\"https:\/\/luminorecruit.com\/wp-content\/uploads\/2025\/03\/renerepasi.webp\" class=\"attachment-full size-full wp-image-2427\" alt=\"Ren\u00e9 Repasi SPD\" srcset=\"https:\/\/luminorecruit.com\/wp-content\/uploads\/2025\/03\/renerepasi.webp 200w, https:\/\/luminorecruit.com\/wp-content\/uploads\/2025\/03\/renerepasi-150x150.webp 150w, https:\/\/luminorecruit.com\/wp-content\/uploads\/2025\/03\/renerepasi-140x140.webp 140w, https:\/\/luminorecruit.com\/wp-content\/uploads\/2025\/03\/renerepasi-100x100.webp 100w\" sizes=\"(max-width: 200px) 100vw, 200px\" \/>\t\t\t\t\t\t<\/div>\n\t\t\t\t\t\n\t\t\t\t\t\t\t\t\t\t<div class=\"elementor-testimonial-details\">\n\t\t\t\t\t\t\t\t\t\t\t\t\t\t<div class=\"elementor-testimonial-name\">Ren\u00e9 Repasi<\/div>\n\t\t\t\t\t\t\t\t\t\t\t\t\t\t\t\t\t\t\t<\/div>\n\t\t\t\t\t\t\t\t\t<\/div>\n\t\t\t<\/div>\n\t\t\t\t\t<\/div>\n\t\t\t\t\t\t<\/div>\n\t\t\t\t<\/div>\n\t\t\t\t<div class=\"elementor-element elementor-element-b0ddfec elementor-widget elementor-widget-spacer\" data-id=\"b0ddfec\" data-element_type=\"widget\" data-e-type=\"widget\" data-widget_type=\"spacer.default\">\n\t\t\t\t<div class=\"elementor-widget-container\">\n\t\t\t\t\t\t\t<div class=\"elementor-spacer\">\n\t\t\t<div class=\"elementor-spacer-inner\"><\/div>\n\t\t<\/div>\n\t\t\t\t\t\t<\/div>\n\t\t\t\t<\/div>\n\t\t\t\t<div class=\"elementor-element elementor-element-cfb5ff6 elementor-widget elementor-widget-heading\" data-id=\"cfb5ff6\" data-element_type=\"widget\" data-e-type=\"widget\" data-widget_type=\"heading.default\">\n\t\t\t\t<div class=\"elementor-widget-container\">\n\t\t\t\t\t<h3 class=\"elementor-heading-title elementor-size-default\">Ren\u00e9 Repasi \u00fcber die fortschreitende Legalisierung von Cannabis<\/h3>\t\t\t\t<\/div>\n\t\t\t\t<\/div>\n\t\t\t\t<div class=\"elementor-element elementor-element-d0f3819 elementor-widget elementor-widget-text-editor\" data-id=\"d0f3819\" data-element_type=\"widget\" data-e-type=\"widget\" data-widget_type=\"text-editor.default\">\n\t\t\t\t<div class=\"elementor-widget-container\">\n\t\t\t\t\t\t\t\t\t<p>Mit Blick auf die Zukunft teilt Repasi mit, dass eine vollst\u00e4ndige Legalisierung m\u00f6glicherweise nicht vor 2029-2030 erreicht werden kann, abh\u00e4ngig von der europ\u00e4ischen Zustimmung und den notwendigen Anpassungen der UN-Abkommen. Im Europ\u00e4ischen Parlament ist die Situation unvorhersehbar, da die Unterst\u00fctzung f\u00fcr die Legalisierung nicht den Parteigrenzen folgt. Ein Versuchsballon in Form eines Initiativberichts k\u00f6nnte helfen, die Mehrheitsverh\u00e4ltnisse zu testen. Repasi hob die Bedeutung der von Burkhard Blienert initiierten informellen Treffen hervor, um die Kommissionsbeamten zu \u00fcberzeugen. Ein positives Signal aus dem deutschen Koalitionsvertrag k\u00f6nnte die Kommission ermutigen, weitere Schritte zu unternehmen.<\/p>\t\t\t\t\t\t\t\t<\/div>\n\t\t\t\t<\/div>\n\t\t\t\t<div class=\"elementor-element elementor-element-cb05ad2 elementor-widget elementor-widget-spacer\" data-id=\"cb05ad2\" data-element_type=\"widget\" data-e-type=\"widget\" data-widget_type=\"spacer.default\">\n\t\t\t\t<div class=\"elementor-widget-container\">\n\t\t\t\t\t\t\t<div class=\"elementor-spacer\">\n\t\t\t<div class=\"elementor-spacer-inner\"><\/div>\n\t\t<\/div>\n\t\t\t\t\t\t<\/div>\n\t\t\t\t<\/div>\n\t\t\t\t<div class=\"elementor-element elementor-element-d1dd641 elementor-widget elementor-widget-testimonial\" data-id=\"d1dd641\" data-element_type=\"widget\" data-e-type=\"widget\" data-widget_type=\"testimonial.default\">\n\t\t\t\t<div class=\"elementor-widget-container\">\n\t\t\t\t\t\t\t<div class=\"elementor-testimonial-wrapper\">\n\t\t\t\t\t\t\t<div class=\"elementor-testimonial-content\">\"Die Kommission hat ein Vorschlagsmonopol, und ohne einen Vorschlag der Kommission kommt nichts in Bewegung. Aber wir sehen Bewegung. Ich wei\u00df nicht, inwieweit das bekannt ist, aber ich vermute, dass es so ist, denn die Bewegung wird sehr pr\u00e4zise formuliert und genau \u00fcberwacht.\"<\/div>\n\t\t\t\n\t\t\t\t\t\t<div class=\"elementor-testimonial-meta elementor-has-image elementor-testimonial-image-position-aside\">\n\t\t\t\t<div class=\"elementor-testimonial-meta-inner\">\n\t\t\t\t\t\t\t\t\t\t\t<div class=\"elementor-testimonial-image\">\n\t\t\t\t\t\t\t<img decoding=\"async\" width=\"200\" height=\"200\" src=\"https:\/\/luminorecruit.com\/wp-content\/uploads\/2025\/03\/renerepasi.webp\" class=\"attachment-full size-full wp-image-2427\" alt=\"Ren\u00e9 Repasi SPD\" srcset=\"https:\/\/luminorecruit.com\/wp-content\/uploads\/2025\/03\/renerepasi.webp 200w, https:\/\/luminorecruit.com\/wp-content\/uploads\/2025\/03\/renerepasi-150x150.webp 150w, https:\/\/luminorecruit.com\/wp-content\/uploads\/2025\/03\/renerepasi-140x140.webp 140w, https:\/\/luminorecruit.com\/wp-content\/uploads\/2025\/03\/renerepasi-100x100.webp 100w\" sizes=\"(max-width: 200px) 100vw, 200px\" \/>\t\t\t\t\t\t<\/div>\n\t\t\t\t\t\n\t\t\t\t\t\t\t\t\t\t<div class=\"elementor-testimonial-details\">\n\t\t\t\t\t\t\t\t\t\t\t\t\t\t<div class=\"elementor-testimonial-name\">Ren\u00e9 Repasi<\/div>\n\t\t\t\t\t\t\t\t\t\t\t\t\t\t\t\t\t\t\t<\/div>\n\t\t\t\t\t\t\t\t\t<\/div>\n\t\t\t<\/div>\n\t\t\t\t\t<\/div>\n\t\t\t\t\t\t<\/div>\n\t\t\t\t<\/div>\n\t\t\t\t<div class=\"elementor-element elementor-element-30263a9 elementor-widget elementor-widget-spacer\" data-id=\"30263a9\" data-element_type=\"widget\" data-e-type=\"widget\" data-widget_type=\"spacer.default\">\n\t\t\t\t<div class=\"elementor-widget-container\">\n\t\t\t\t\t\t\t<div class=\"elementor-spacer\">\n\t\t\t<div class=\"elementor-spacer-inner\"><\/div>\n\t\t<\/div>\n\t\t\t\t\t\t<\/div>\n\t\t\t\t<\/div>\n\t\t\t\t<div class=\"elementor-element elementor-element-3f2fbb4 elementor-widget elementor-widget-heading\" data-id=\"3f2fbb4\" data-element_type=\"widget\" data-e-type=\"widget\" id=\"transcript\" data-widget_type=\"heading.default\">\n\t\t\t\t<div class=\"elementor-widget-container\">\n\t\t\t\t\t<h2 class=\"elementor-heading-title elementor-size-default\">Englische Mitschrift des Podcasts<\/h2>\t\t\t\t<\/div>\n\t\t\t\t<\/div>\n\t\t\t\t<div class=\"elementor-element elementor-element-f2df9ac elementor-widget elementor-widget-text-editor\" data-id=\"f2df9ac\" data-element_type=\"widget\" data-e-type=\"widget\" data-widget_type=\"text-editor.default\">\n\t\t\t\t<div class=\"elementor-widget-container\">\n\t\t\t\t\t\t\t\t\t<p><span style=\"color: #5c59f4;\"><strong>Das Transkript beginnt 1:00 nach dem Podcast.<\/strong><\/span><\/p>\t\t\t\t\t\t\t\t<\/div>\n\t\t\t\t<\/div>\n\t\t\t\t<div class=\"elementor-element elementor-element-1590eb1 elementor-widget elementor-widget-text-editor\" data-id=\"1590eb1\" data-element_type=\"widget\" data-e-type=\"widget\" data-widget_type=\"text-editor.default\">\n\t\t\t\t<div class=\"elementor-widget-container\">\n\t\t\t\t\t\t\t\t\t<p><span style=\"color: #5c59f4;\"><strong>Moritz F\u00f6rster:<\/strong><\/span> Wie wird es in der n\u00e4chsten Legislaturperiode weitergehen? Wird das CanG ganz abgeschafft, wie es zum Beispiel CDU und CSU wollen? Oder wird es eine europarechtskonforme Legalisierung der gesamten Wertsch\u00f6pfungskette geben, wie es die SPD seit ihrem letzten Parteitag fordert? Fragen \u00fcber Fragen zum Thema Cannabis. Und wer k\u00f6nnte all diese Fragen besser beantworten als unser heutiger Gast? Ich bin Moritz F\u00f6rster, Chefredakteur von Krautinvest.de, und ich begr\u00fc\u00dfe ganz herzlich Ren\u00e9 Repasi, Mitglied des Europ\u00e4ischen Parlaments f\u00fcr die SPD.<\/p><p><span style=\"color: #5c59f4;\"><strong>Ren\u00e9 Repasi:<\/strong><\/span> Hallo.<\/p><p><span style=\"color: #5c59f4;\"><strong>Moritz F\u00f6rster: <\/strong><\/span> Sch\u00f6n, dass du hier bist. Ren\u00e9, du bist nicht nur seit 1996 SPD-Mitglied, das hei\u00dft, du feierst n\u00e4chstes Jahr dein 30-j\u00e4hriges Jubil\u00e4um, und Mitglied des Europ\u00e4ischen Parlaments, sondern du warst auch Professor f\u00fcr Europarecht. Wie \u00fcberrascht warst du vor diesem Hintergrund, als du im Oktober, ich glaube es war 2022, das erste Eckpunktepapier der Ampelkoalition gesehen hast? Ja, Oktober 2022.<\/p><p><span style=\"color: #5c59f4;\"><strong>Ren\u00e9 Repasi:<\/strong><\/span> Das stand ja auch schon in unserem Koalitionsvertrag. Es ist schon lange Teil der SPD-Position, dass wir das wollen. Aber dass es jetzt endlich in Regierungshandeln umgesetzt wird, war ein positiver Punkt. Wir wussten schon bei den Vorbereitungen, dass es eine gro\u00dfe Herausforderung sein w\u00fcrde. Nun, weniger wegen der Mehrheiten in Deutschland. Die hatten wir in der Ampelkoalition zusammengekratzt. Aber nat\u00fcrlich wegen der europarechtlichen und v\u00f6lkerrechtlichen H\u00fcrden. Und ja, was dann aus dem Bundesgesundheitsministerium kam, hat ziemlich genau ausgelotet, was m\u00f6glich ist. Demnach haben wir den Durchbruch bekommen, den wir brauchten, um endlich Schritte in Richtung Cannabislegalisierung gehen zu k\u00f6nnen.<\/p><p><span style=\"color: #5c59f4;\"><strong>Moritz F\u00f6rster: <\/strong><\/span>Damals sollte die gesamte Wertsch\u00f6pfungskette legalisiert werden. Inzwischen ist der Tenor, dass auch die Tschechen einen Schritt zur\u00fcck gemacht haben, oder zumindest einen halben Schritt zur\u00fcck, und der Tenor in den Mitgliedsstaaten ist jetzt eher der, dass eine vollst\u00e4ndige Cannabis-Legalisierung vom EuGH (Europ\u00e4ischer Gerichtshof) eingestampft werden w\u00fcrde. Auch wenn einige Experten immer wieder sagen, dass es ein oder zwei Schlupfl\u00f6cher gibt, durch die man es zumindest versuchen k\u00f6nnte, teilen Sie die Ansicht, dass es eher sehr, sehr schwierig ist, Cannabis in einem Mitgliedsstaat tats\u00e4chlich vollst\u00e4ndig zu legalisieren, ohne das europ\u00e4ische Recht anzupassen?<\/p><p><span style=\"color: #5c59f4;\"><strong>Ren\u00e9 Repasi: <\/strong><\/span>Ja, ich denke, dass hier europ\u00e4isches Recht und vern\u00fcnftige Politik im Widerspruch zueinander stehen. Es gibt einen guten Grund, warum wir den Weg der Legalisierung eingeschlagen haben, weil wir aus den Niederlanden gelernt haben, dass die Entkriminalisierung oder die Nichtverfolgung dort einfach dazu gef\u00fchrt hat, dass sich die Situation nicht verbessert hat, sondern dass die Kriminalit\u00e4t zugenommen hat. Der Legalisierungsansatz ist genau derjenige, der das richtige Ziel erreicht, dass wir Cannabis legalisieren und gleichzeitig alle Ma\u00dfnahmen ergreifen, um einem Anstieg der Kriminalit\u00e4t entgegenzuwirken. Deshalb ist es auch politisch richtig. Das europ\u00e4ische Recht atmet noch den Geist des 20. Jahrhunderts bei der Umsetzung der einschl\u00e4gigen UN-Konventionen. Jahrhunderts in der Umsetzung der einschl\u00e4gigen UN-Konventionen. Wir haben das Schengener \u00dcbereinkommen, das Cannabis als Droge einstuft und damit als verbotene Ware, die nicht grenz\u00fcberschreitend gehandelt werden darf. Dann haben wir den ber\u00fchmten Rahmenbeschluss \u00fcber den Drogenhandel, der die strafrechtlichen T\u00fcren schlie\u00dft, wo immer sie geschlossen werden k\u00f6nnen. Und in einem Fall aus den 2010er Jahren, in dem es um den Zugang zu Coffeeshops in Maastricht ging, hat der EuGH eindeutig entschieden, dass Cannabis ein illegales Produkt ist und daher keinen Schutz durch europ\u00e4isches Recht genie\u00dft. Daraus kann man in der Tat schlie\u00dfen, dass der EuGH, wenn das europ\u00e4ische Recht nicht ge\u00e4ndert wird, wahrscheinlich ein Stoppschild aufstellen wird. Anders als in Holland hat die Bundesregierung nun daf\u00fcr gesorgt, dass zumindest der Anbau, die Produktion und der Vertrieb entkriminalisiert und \u00fcberwacht werden k\u00f6nnen, was hoffentlich mafi\u00f6se Strukturen, wie sie in Holland manchmal behauptet werden, verhindern soll. Dennoch sagen einige, es sei irgendwie weder das eine noch das andere. Und die SPD geht jetzt noch weiter. Im ersten Entwurf des Wahlprogramms war von Cannabis oder zumindest von einer Cannabisregulierung noch gar nicht die Rede, im zweiten wurde dann auf dem Parteitag ein ganz entscheidender Satz hinzugef\u00fcgt, n\u00e4mlich dass man eine europarechtskonforme Legalisierung will.<\/p><p><span style=\"color: #5c59f4;\"><strong>Moritz F\u00f6rster: <\/strong><\/span>Im ersten Entwurf des Wahlprogramms wurde Cannabis oder zumindest die Cannabisregulierung nicht wirklich erw\u00e4hnt und dann wurde im zweiten Entwurf auf dem Parteitag ein ganz entscheidender Satz hinzugef\u00fcgt, n\u00e4mlich dass man eine Legalisierung im Einklang mit dem europ\u00e4ischen Recht will. Waren Sie von diesem Satz \u00fcberrascht?<\/p><p><span style=\"color: #5c59f4;\"><strong>Ren\u00e9 Repasi: <\/strong><\/span>Nein, das hat mich nicht \u00fcberrascht. Wir hatten diesen Satz schon im Europawahlprogramm, das \u00fcbrigens viel weniger umstritten und leichter zug\u00e4nglich war als das Bundestagswahlprogramm, obwohl ich f\u00fcr den SPD-Landesverband Baden-W\u00fcrttemberg auch Mitglied in der ber\u00fcchtigten Antragskommission der Bundespartei bin. Dieser Satz ist \u00fcber die Antragskommission reingekommen, und ich geh\u00f6rte zu denen, die argumentiert haben, wir brauchen hier eine Klarstellung, denn wenn wir diesen Satz pl\u00f6tzlich fallen lassen, obwohl er im Europawahlprogramm stand, und dann so eine etwas merkw\u00fcrdige Formulierung zum Umgang mit Drogen im Bundestagswahlprogramm haben, k\u00f6nnten falsche Schl\u00fcsse gezogen werden. Die Parteif\u00fchrung hat klar gesagt, nein, es gibt \u00fcberhaupt keine Absicht, davon abzuweichen, und deshalb war es auch nicht so schwierig, diesen Satz aufzunehmen.<\/p><p><span style=\"color: #5c59f4; font-family: Nunito; font-size: 17px; font-style: normal; font-variant-ligatures: normal; font-variant-caps: normal; font-weight: bold; text-align: var(--text-align);\">Moritz F\u00f6rster:<\/span><span style=\"color: #5c59f4; font-family: Nunito; font-size: 17px; font-style: normal; font-variant-ligatures: normal; font-variant-caps: normal; font-weight: bold; text-align: var(--text-align);\">\u00a0<\/span>Und das ist auch der entscheidende Satz.\u00a0<\/p><p><span style=\"color: #5c59f4; font-family: Nunito; font-size: 17px; font-style: normal; font-variant-ligatures: normal; font-variant-caps: normal; font-weight: bold; text-align: var(--text-align);\">Ren\u00e9 Repasi:\u00a0<\/span>Ja, wenn wir die Grundlagen des europ\u00e4ischen Rechts ge\u00e4ndert bekommen, dann k\u00f6nnen wir den deutschen Weg weitergehen.  Das ist sozusagen das Gute an der schlechten Nachricht der europ\u00e4ischen Rechtslage. Wir m\u00fcssen daf\u00fcr nicht die Vertr\u00e4ge \u00e4ndern, denn das w\u00e4re das Ende des Weges, das w\u00fcrde man nie hinbekommen, sondern wir m\u00fcssen das einfache Recht, das Sekund\u00e4rrecht der EU \u00e4ndern, und in allen Bereichen, wo wir das Recht \u00e4ndern m\u00fcssen, reicht eine qualifizierte Mehrheit der Mitgliedsstaaten aus, um das zu erreichen. Es ist keine Einstimmigkeit, also es ist nicht so, dass ein Staat alles verhindern kann, aber man kann eine echte Politik machen. Aber das ist ein Bohren durch dicke Bretter und man darf sozusagen nicht nachlassen. Und insofern ist das, wie Sie gesagt haben, der entscheidende Satz, mit dem wir uns einerseits zu dem bekennen, was wir in der Ampelregierung gemacht haben, aber andererseits auch deutlich machen, dass wir weiter daran arbeiten wollen, um die gro\u00dfe L\u00f6sung zu finden.\u00a0<\/p><p><span style=\"color: #5c59f4;\"><strong>Moritz F\u00f6rster: <\/strong><\/span>Ich war ehrlich gesagt auch etwas \u00fcberrascht, als ich gesehen habe, dass die FDP und die Gr\u00fcnen das Thema direkt in den ersten Entw\u00fcrfen aufgegriffen haben und die SPD, ich glaube, das war vor Weihnachten, das Thema noch nicht im ersten Entwurf aufgegriffen hat.\u00a0<span style=\"text-align: var(--text-align);\">Sie haben selbst gesagt, dass es offensichtlich auf dem Tisch lag, weil es auch auf der Tagesordnung f\u00fcr die Europawahlen stand, also muss es ein Thema gewesen sein. Welche Vorbehalte gab es, sich im ersten Entwurf wirklich klar dazu zu bekennen?\u00a0<\/span><span style=\"color: var( --e-global-color-text ); text-align: var(--text-align);\">Ging es irgendwie um ein kleines Hintert\u00fcrchen f\u00fcr Koalitionsverhandlungen mit der CDU, wie in der Cannabis-Szene gemunkelt wurde?<\/span><\/p><p><span style=\"color: #5c59f4;\"><strong>Ren\u00e9 Repasi: <\/strong><\/span>Nein, das war nicht der Punkt. Der Grundansatz des Bundestagswahlprogramms war, es besonders klein zu halten, es nicht zu umfangreich zu machen, nicht mehrere hundert Seiten zu haben. Und der Grundansatz, den der Generalsekret\u00e4r Matthias Miersch ausgegeben hat, war, dass alles, was wir in der Vergangenheit gemacht haben, dass wir dazu stehen und dass es selbstverst\u00e4ndlich ist, und deshalb sollte nur das, was wir in Zukunft anders machen wollten, in das Programm geschrieben werden. Und deshalb hat er den Punkt auch nicht erw\u00e4hnt, weil er einfach der Meinung war, wir haben es gemacht, wir bleiben dabei und machen weiter. Im Laufe der Programmerstellung kamen aber andere Punkte hinzu, wo man stolz auf die Vergangenheit war und daran festhalten wollte, d.h. die Logik wurde durchbrochen. Und dann gab es, wie gesagt, einen etwas komplizierten Satz \u00fcber die Regulierung von Drogen, der dann in diesem Zusammenhang zu v\u00f6llig falschen Schlussfolgerungen f\u00fchrte.  Und dann war es auch leicht, zu Miersch zu sagen, guck mal, wir haben hier schon den Grundgedanken gebrochen, also wird es irref\u00fchrend. Warum sollten wir eigentlich bei einem Erfolg dieser Regierung, auf den wir auch stolz sein k\u00f6nnen, \u00fcberhaupt ein Missverst\u00e4ndnis aufkommen lassen? Und das wurde schnell verstanden, so dass es auch leicht war, die Klarstellung ins Programm zu bekommen. Aber dass das nicht in dieser ersten Fassung stand, hat etwas mit dem etwas hochtrabenden Ansatz zu tun, ein sehr schlankes Wahlprogramm auf den Tisch legen zu wollen. Aber es gibt keine Hintert\u00fcr. Sie wollen an dieser Stelle im Wahlprogramm keine \u00d6ffnung gegen\u00fcber der CDU haben. Und das wird garantiert einer der harten Verhandlungspunkte sein, wenn wir in die Verlegenheit kommen, mit der CDU in Koalitionsverhandlungen zu treten.<\/p><p><span style=\"color: #5c59f4;\"><strong>Moritz F\u00f6rster: <\/strong><\/span>Ich hatte auch ein bisschen Bauchweh wegen eines Satzes. Da steht nicht explizit, dass wir uns zum CanG bekennen, also zur Entkriminalisierung, wie wir sie umgesetzt haben, sondern wir wollen eine Legalisierung im Einklang mit dem europ\u00e4ischen Recht. Aber wenn ich Sie richtig verstehe, k\u00f6nnen wir alle Menschen in der Cannabisbranche, die dem CanG verbunden sind, beruhigen. N\u00e4mlich, dass das CanG von Seiten der SPD nicht zur Debatte steht.<\/p><p><span style=\"color: #5c59f4;\"><strong>Ren\u00e9 Repasi: <\/strong><\/span>Ja, von Seiten der SPD steht das nicht zur Debatte.<\/p><p><span style=\"color: #5c59f4;\"><strong>Moritz F\u00f6rster: <\/strong><\/span>Und wenn es zu harten Koalitionsverhandlungen mit der CDU kommt, wo ist die SPD Ihrer Meinung nach am ehesten bereit, das CanG zu versch\u00e4rfen?\u00a0<\/p><p><span style=\"color: #5c59f4;\"><strong>Ren\u00e9 Repasi: <\/strong><\/span>Homegrow, Clubs, medizinisches Cannabis, die Pilotprojekte - Play hat jetzt noch einmal gesagt, dass dies wahrscheinlich nicht vor der Wahl passieren wird, also sind sie sowieso noch in der Schwebe.<\/p><p><span style=\"color: #5c59f4;\"><strong>Moritz F\u00f6rster:\u00a0<\/strong><\/span>Wo besteht Ihrer Meinung nach Gespr\u00e4chsbereitschaft, und k\u00f6nnte es zu einer Neujustierung im Hinblick auf eine konservative Regierung kommen, wenn sie von einer konservativen Partei oder einem konservativen Koalitionspartner gef\u00fchrt wird?\u00a0<span style=\"font-family: Nunito, sans-serif; font-size: 17px; font-style: normal; font-variant-ligatures: normal; font-variant-caps: normal; font-weight: 500; color: var( --e-global-color-text ); text-align: var(--text-align);\">Wir wissen noch nicht, wie die Wahl ausfallen wird.<\/span><\/p><p><span style=\"color: #5c59f4;\"><strong>Ren\u00e9 Repasi: <\/strong><\/span>Ja, das ist die Eine-Million-Dollar-Frage. Denn es ist schon so: Wenn man einfach die ideologische Brille abnimmt und sich anschaut, was im CanG steht, dann kann man sich schon fragen, warum man als Konservativer eigentlich Probleme damit haben sollte. Es ist ja schon extrem eingeschr\u00e4nkt, n\u00e4mlich weil das europ\u00e4ische Recht schon so hohe H\u00fcrden setzt. Wir machen eigentlich nur Dinge im Rahmen von, na ja, was privat m\u00f6glich ist und was im Rahmen von Pilotprojekten m\u00f6glich ist, die noch ausgewertet werden m\u00fcssen. Und wo auch ganz klar ist, wenn sich bis zum Ende der Evaluation der Pilotprojekte am europ\u00e4ischen Recht nichts \u00e4ndert, dann ist der Weg auch zu Ende. Denn wir haben von der M\u00f6glichkeit Gebrauch gemacht, Ausnahmen vom Straftatbestand f\u00fcr Wissenschafts- und Forschungszwecke vorzusehen. Das wurde getan. Aber das ist nach dem EuGH etwas, was zeitlich gebunden sein muss und nicht unbefristet laufen kann. Vor diesem Hintergrund ist es ein bisschen schwierig zu sehen, wo es eigentlich einen Spielraum gibt, wenn man nicht die Axt an das ganze Gesetz legen will. Und insofern, ja, ich will gar nicht vorgreifen auf irgendwelche Verhandlungen. Ich sehe im Moment nicht, wie wir restriktiver werden k\u00f6nnen, ohne, wie gesagt, an den Kern des Gesetzes zu gehen. Die CDU hat gesagt, dass sie komplett zum Status quo vor dem CanG zur\u00fcckkehren will.<\/p><p><span style=\"color: #5c59f4;\"><strong>Moritz F\u00f6rster: <\/strong><\/span>Ich finde das ziemlich schwierig. Die Clubs haben sich gegr\u00fcndet. Die Leute wachsen bereits zu Hause. Die Vereine haben auch Vertr\u00e4ge unter bestimmten Bedingungen unterzeichnet. Es handelt sich nicht mehr um eine BTM. Es wieder in die BTM zu \u00fcberf\u00fchren... wie einfach oder schwierig w\u00e4re ein solcher Schritt?<\/p><p><span style=\"color: #5c59f4;\"><strong>Ren\u00e9 Repasi: <\/strong><\/span>Ja, das w\u00e4re sehr schwierig, weil es auch verfassungsrechtliche Grenzen gibt. Sie haben es genau beschrieben. Es sind hier Vertr\u00e4ge geschlossen worden. Es gibt so etwas wie einen Vertrauensschutz. Und das bedeutet, dass sich die Rechtslage, zumindest f\u00fcr die Vergangenheit, ohnehin nicht \u00e4ndern darf. Und insofern w\u00fcrde eine r\u00fcckwirkende Aufhebung des Gesetzes schon vom Bundesverfassungsgericht gekippt werden. Was bereits besteht, kann also nicht aufgehoben werden. Wie gesagt, es w\u00fcrde vor deutschen Gerichten keinen Bestand haben.  Die Frage ist vielmehr, wie man im Rahmen des CanG selbst die Dinge wieder restriktiver gestalten will, wenn man das wollte. Gesetzestechnisch spricht wenig dagegen, die von Ihnen beschriebene radikale L\u00f6sung zu w\u00e4hlen. Aber realpolitisch ist das aus den von mir genannten Gr\u00fcnden nicht sehr wahrscheinlich. Wir haben einen Fahrspurwechsel vorgenommen, der bereits umgesetzt wird. Das hei\u00dft, wenn es restriktiver werden sollte, dann wird das h\u00f6chstwahrscheinlich im Rahmen des CanG selbst geschehen. Und zwar nicht der komplette Rollback, wie es in der Vergangenheit der Fall war. Im Wahlkampf sagt man so etwas gerne, weil man vor der eigenen W\u00e4hlerschaft die Muskeln spielen lassen will. Aber in der Praxis sieht es ganz anders aus. Das \u00e4ndert aber nichts an der Tatsache, dass man da extrem wachsam sein muss. Denn wir wollen den Rollback nicht noch einmal machen.<\/p><p><span style=\"color: #5c59f4;\"><strong>Moritz F\u00f6rster: <\/strong><\/span>Kommen wir zu dem anderen Punkt, den Sie angesprochen haben, n\u00e4mlich die Legalisierung nach europ\u00e4ischem Recht und der politische Prozess, der damit eigentlich verbunden ist. Das ist etwas, wo nicht jeder wirklich wei\u00df, wie das Ganze \u00fcberhaupt funktionieren kann. Und Sie haben in einem YouTube-Beitrag schon etwas Licht in die Sache gebracht, der sehr anschaulich zeigt, was passieren m\u00fcsste. Ich selbst war ein bisschen \u00fcberrascht von diesem Begriff, auch aus einem zweiten Grund, n\u00e4mlich ich finde es sehr schwierig, das europarechtskonform zu legalisieren, weil daf\u00fcr zumindest eine Mehrheit gefunden werden m\u00fcsste. Wenn ich richtig informiert bin, ist das bei einem ordentlichen Gesetzgebungsverfahren eine einfache Mehrheit, das sind 65 Prozent der EU-Bev\u00f6lkerung.<\/p>\t\t\t\t\t\t\t\t<\/div>\n\t\t\t\t<\/div>\n\t\t\t\t<div class=\"elementor-element elementor-element-86a61fd elementor-widget elementor-widget-text-editor\" data-id=\"86a61fd\" data-element_type=\"widget\" data-e-type=\"widget\" data-widget_type=\"text-editor.default\">\n\t\t\t\t<div class=\"elementor-widget-container\">\n\t\t\t\t\t\t\t\t\t<p><span style=\"color: #5c59f4;\"><strong>Ren\u00e9 Repasi: <\/strong><\/span>Ja, nicht 55 Mitglieder, denn so viele hat die EU nicht, aber 55 Prozent der Mitglieder.<\/p><p><span style=\"color: #5c59f4;\"><strong>Moritz F\u00f6rster: <\/strong><\/span>Ja, nat\u00fcrlich, genau, 55 Prozent der Mitglieder, ja. Wie hoch sch\u00e4tzen Sie angesichts des leichten Rechtsrucks in den europ\u00e4ischen Institutionen die Chancen ein, dass solche Mehrheiten zustande kommen werden?<\/p><p><span style=\"color: #5c59f4;\"><strong>Ren\u00e9 Repasi: <\/strong><\/span>Genau, die realpolitische Frage in Europa, das ist die entscheidende Frage. Also zun\u00e4chst einmal passiert sowieso nichts, ohne dass die Kommission etwas tut. Die Kommission hat ein Vorschlagsmonopol, und ohne dass die Kommission einen Vorschlag macht, kommt nichts in Bewegung. Aber es bewegt sich etwas. Ich wei\u00df nicht, inwieweit das bekannt ist, aber ich vermute, dass es so ist, denn die Bewegung wird sehr pr\u00e4zise formuliert und genau \u00fcberwacht. Wir haben eine \u00f6ffentliche Konsultation der Europ\u00e4ischen Kommission zur so genannten Evaluierung des Rahmenbeschlusses 2004-757 zum Drogenhandel. Eben dieser Rahmenbeschluss, der hier die Dimensionen vorgibt, l\u00e4uft derzeit bis zum 14. Februar. Jeder kann eine Stellungnahme dazu abgeben, ob er geeignet ist oder nicht. Und auf der Grundlage dieser Stellungnahmen wird die Kommission dann diesen Rechtsakt bewerten und konkrete Vorschl\u00e4ge machen. Diese werden f\u00fcr das zweite Quartal 2026 angek\u00fcndigt. Wenn die Kommission also diesen Rahmen erh\u00e4lt, w\u00fcrde die Maschine im zweiten Quartal 2026 anlaufen. Wenn wir uns nun die Gesamtsituation im Rat ansehen, ist sie in der Tat schwierig. Unter den L\u00e4ndern, die bereits selbst den Weg der Legalisierung eingeschlagen haben, selbst unter den L\u00e4ndern, die nur die Entkriminalisierung oder die M\u00f6glichkeit der Legalisierung gew\u00e4hlt haben, haben wir immer noch keine qualifizierte Mehrheit. Mit anderen Worten: Die L\u00e4nder, die es auf nationaler Ebene getan haben, reichen nicht aus, wenn sie sich zusammenschlie\u00dfen. Es braucht also auch andere, die das tun. Und das ist in der Tat das gro\u00dfe Problem. Wir haben auch die Situation, dass die Nachbarl\u00e4nder Deutschlands Angst vor dem grenz\u00fcberschreitenden Drogenhandel haben und deshalb vielleicht restriktiver sind als ihre politischen \u00dcberzeugungen. Zum Beispiel im Falle D\u00e4nemarks, wo entsprechende Ma\u00dfnahmen ergriffen werden m\u00fcssen, um die Regierungen der Nachbarl\u00e4nder zu konsultieren, damit zumindest die Nachbarl\u00e4nder noch mit im Boot sind. Aber es ist klar, dass wir derzeit von einer qualifizierten Mehrheit weit entfernt sind. Das ist der Grund, warum ich einmal vorgeschlagen habe, dass wir es umdrehen. Dass wir nicht sozusagen eine europaweite Legalisierung haben wollen, weil wir viele gro\u00dfe Vorbehalte dagegen haben, sondern dass wir eine Ausnahmeklausel einbauen, die es Deutschland erlaubt, f\u00fcr das deutsche Bundesgebiet zu legalisieren und es einigen Mitgliedstaaten leichter macht zu sagen, okay, wenn die Deutschen es wollen, k\u00f6nnen sie es haben. Aber dann ist es nur auf deutschem Territorium legal, darf aber nicht in den freien Handel des Binnenmarktes, also \u00fcber die Grenzen hinaus, gehen. Und dann kann ich f\u00fcr mein eigenes Land weiterhin entscheiden, dass ich es anders haben will.<\/p><p><span style=\"color: #5c59f4;\"><strong>Moritz F\u00f6rster: <\/strong><\/span>Ich glaube immer noch, dass dies eine Variante ist, bei der wir eine qualifizierte Mehrheit bekommen k\u00f6nnen, weil die Legalisierung nicht anderen L\u00e4ndern in Anf\u00fchrungszeichen aufgezwungen wird. W\u00e4re das auch mit Schengen vereinbar?<\/p><p><span style=\"color: #5c59f4;\"><strong>Ren\u00e9 Repasi: <\/strong><\/span>Es w\u00e4re konform. Denn Schengen ist Sekund\u00e4rrecht. Wenn wir also die Hierarchie des europ\u00e4ischen Rechts betrachten, stehen die Vertr\u00e4ge an der Spitze, also das Prim\u00e4rrecht. Und am unteren Ende haben wir das Sekund\u00e4rrecht, also das einfache Recht. Das Schengener \u00dcbereinkommen, auch wenn es als \u00dcbereinkommen bezeichnet wird, war ein \u00dcbereinkommen aus den 1990er Jahren, wurde aber jetzt in das Sekund\u00e4rrecht \u00fcberf\u00fchrt. Das bedeutet, dass es den Status von Sekund\u00e4rrecht hat. Der Rahmenbeschluss hat den Status von Sekund\u00e4rrecht. Das bedeutet, dass wir ihn auch mit Sekund\u00e4rrecht \u00e4ndern k\u00f6nnen. In den Vertr\u00e4gen steht dann nichts. In den Vertr\u00e4gen wird das Thema Cannabis nicht behandelt. Und dementsprechend kann das Sekund\u00e4rrecht definieren, was eine legale oder illegale Ware ist. Und wenn wir sozusagen auf der Ebene des Sekund\u00e4rrechts legalisieren und dann m\u00f6glicherweise nur teilweise legalisieren, dann sagt der Sekund\u00e4rgesetzgeber, okay, das mache ich hier. Und das w\u00e4re also ein gangbarer Weg, der auf jeden Fall mit Schengen vereinbar w\u00e4re.<\/p><p><span style=\"color: #5c59f4;\"><strong>Moritz F\u00f6rster: <\/strong><\/span>Und was denken Sie \u00fcber die Situation im Parlament?<\/p><p><span style=\"color: #5c59f4;\"><strong>Ren\u00e9 Repasi: <\/strong><\/span>Ich stelle mir das unglaublich schwierig vor, denn es kann durchaus sein, dass konservative Vertreter aus progressiven Cannabisl\u00e4ndern eher bereit sind, einer solchen Anpassung zuzustimmen als sozialdemokratische Vertreter aus restriktiveren L\u00e4ndern, zum Beispiel aus skandinavischen oder osteurop\u00e4ischen L\u00e4ndern.<\/p><p><span style=\"color: #5c59f4;\"><strong>Moritz F\u00f6rster: <\/strong><\/span>Wie sch\u00e4tzen Sie das ein? Wie k\u00f6nnen Sie ein Gef\u00fchl f\u00fcr das Abstimmungsverhalten der Mitglieder bekommen, falls die Kommission die n\u00e4chsten Schritte unternimmt?<\/p><p><span style=\"color: #5c59f4;\"><strong>Ren\u00e9 Repasi: <\/strong><\/span>Ja, Sie haben es in der Tat richtig beschrieben. Die Situation im Europ\u00e4ischen Parlament ist so, dass wir bei diesem Thema nicht wirklich in Parteigrenzen denken k\u00f6nnen, sondern dass es durchg\u00e4ngig geht. In der alten Legislaturperiode hatten wir eine Gruppe von Freunden der Cannabislegalisierung mit Vertretern von der extremen Rechten bis zur extremen Linken. Und wir hatten eine Vertreterin einer niederl\u00e4ndischen Rechtspartei aus der ECR-Fraktion, also der Fraktion von Frau Meloni, die eine starke Bef\u00fcrworterin der Legalisierung war und innerhalb ihrer eigenen Fraktion arbeitete. Deshalb ist die Situation genau so, wie Sie sie beschreiben. Und das macht die Mehrheiten etwas schwer vorhersehbar. Das ist der Grund, warum wir im Parlament so etwas wie einen Testballon starten m\u00fcssen. Wir haben im Parlament die M\u00f6glichkeit, dass Aussch\u00fcsse so genannte Initiativberichte vorschlagen k\u00f6nnen. Das sind nicht-legislative Berichte, in denen die politische Position des Europ\u00e4ischen Parlaments festgelegt wird. Wir tun dies gerne zu Beginn einer Legislaturperiode, um der Kommission politische Botschaften zu \u00fcbermitteln.<\/p><p><strong style=\"color: #5c59f4; text-align: var(--text-align);\">Moritz F\u00f6rster:\u00a0<\/strong>Okay, wenn Sie diesen und jenen Vorschlag machen, dann k\u00f6nnen Sie schon mit einer Mehrheit hier im Haus rechnen, weil wir das politisch schon hinbekommen haben. Und mit einem solchen Initiativbericht m\u00fcsste man sozusagen das Wasser testen.\u00a0<\/p><p><strong style=\"color: #5c59f4; text-align: var(--text-align);\">Ren\u00e9 Repasi:\u00a0<\/strong>Das ist, wie gesagt, harmlos, denn wenn es nicht funktioniert, dann ist nichts verloren. Aber wenn es funktioniert, wei\u00df die Kommission sicher, dass sie im Parlament nicht gegen eine Mauer rennen wird. Also, und das m\u00fc\u00dfte entweder vom Innenausschu\u00df oder vom Gesundheitsausschu\u00df kommen. Wir k\u00f6nnen auch versuchen, eine Erkl\u00e4rung in einem Bericht abzugeben, der sich irgendwie in gro\u00dfem Umfang mit diesem Thema befasst, denn angesichts der zu erwartenden \u00c4nderungen der Rahmenvereinbarung, \u00fcber die ich gerade berichtet habe, ist es sehr wahrscheinlich, dass das Parlament etwas tun wird, um, wie ich sagte, die Mehrheiten zu testen, um zu sehen, wo noch etwas ge\u00e4ndert werden muss. Es ist richtig, dass die progressive Seite nat\u00fcrlich viel offener f\u00fcr eine Legalisierung ist als die konservative Seite, so dass wir in der deutschen SPD-Fraktion innerhalb unserer eigenen S&amp;D-Fraktion mit den nationalen Delegationen, die etwas kritischer sind, wie Sie erw\u00e4hnt haben, insbesondere mit den skandinavischen Delegationen, in Gespr\u00e4che treten m\u00fcssen, um eine einigerma\u00dfen einheitliche Position innerhalb der Fraktion zu erreichen. Das Gleiche gilt f\u00fcr die Liberalen, die Gr\u00fcnen und die Linken. Wenn es auch unter dem jetzigen eher rechtslastigen Europ\u00e4ischen Parlament kleinere Gruppen in den rechtsextremen Fraktionen gibt, die dies vor dem Hintergrund ihrer nationalen Besonderheiten unterst\u00fctzen, k\u00f6nnte es durchaus eine Mehrheit im Europ\u00e4ischen Parlament geben. Mit anderen Worten: Meiner Einsch\u00e4tzung nach d\u00fcrfte es leichter sein, eine Mehrheit im Parlament zu bekommen als eine qualifizierte Mehrheit im Rat.<\/p><p><span style=\"color: #5c59f4;\"><strong>Moritz F\u00f6rster: <\/strong><\/span>Wenn dann richtig abgestimmt wird und die Mehrheiten nicht erreicht werden, dann ist das Thema f\u00fcr die n\u00e4chsten Jahre vom Tisch, oder?<\/p><p><span style=\"color: #5c59f4;\"><strong>Ren\u00e9 Repasi: <\/strong><\/span>Das ist in der Tat der Fall, denn dann wird der Vorschlag abgelehnt, und die Kommission m\u00fcsste das Verfahren neu aufrollen. Und bei jedem Start eines Prozesses analysiert die Kommission, wie wahrscheinlich es ist, dass er Erfolg hat, denn, wie ich schon sagte, will sie sich keine blutige Nase holen. Und wenn sie sich einmal eine blutige Nase geholt hat, wird sie wahrscheinlich mehrere Jahre, wenn nicht sogar ein Jahrzehnt, warten, bevor sie es erneut versucht.<\/p><p><span style=\"color: #5c59f4;\"><strong>Moritz F\u00f6rster: <\/strong><\/span>Das hei\u00dft, ein gutes Testergebnis, wann immer es eintritt, w\u00e4re sehr, sehr wichtig, um der Kommission gen\u00fcgend Anreiz und auch gen\u00fcgend Sicherheit zu geben, das Gesetzgebungsverfahren \u00fcberhaupt einzuleiten.<\/p><p><span style=\"color: #5c59f4;\"><strong>Ren\u00e9 Repasi: <\/strong><\/span>Das ist richtig, also um der Kommission eine entsprechende Hilfestellung zu geben, m\u00fcsste das bis Ende 2025, Anfang 2026, eher Ende 2025 geschehen, wenn es bei dem Zeitplan bleibt, dass sie eigentlich im zweiten Quartal 2026 einen Vorschlag machen wollen, dann sollten sie schon ein paar Monate vorher wissen, wie weit sie sich zu diesem Zeitpunkt aus dem Fenster lehnen k\u00f6nnen oder nicht.<\/p><p><span style=\"color: #5c59f4;\"><strong>Moritz F\u00f6rster: <\/strong><\/span>Ich hatte immer das Gef\u00fchl, dass in den letzten Jahren auf europ\u00e4ischer Ebene nicht viel passiert ist. Es gab immer diese informellen Treffen, die Burkhard Blienert auch ma\u00dfgeblich vorangetrieben hat. Welche Rolle spielten sie als Vorbereitung f\u00fcr einen solchen politischen Prozess?<\/p><p><span style=\"color: #5c59f4;\"><strong>Ren\u00e9 Repasi: <\/strong><\/span>Ja, sie waren sehr, sehr wichtig und sehr, sehr zentral. Es ist also gut, dass Burkhard jemand ist, der wei\u00df, wie europ\u00e4ische politische Prozesse funktionieren. Im Prinzip muss man damit beginnen, die Beamten der Kommission zu \u00fcberzeugen. Und das hat er akribisch gemacht. Und das sind die Leute, die diese Konsultation eingeleitet haben und die sich damit befassen. Und deshalb war das sehr, sehr wichtig, weil die Kommission dann bis zu einem gewissen Grad auf das Problem aufmerksam geworden ist. Nat\u00fcrlich werden sie sich jetzt sehr genau ansehen, was in Deutschland passiert. Wenn der k\u00fcnftige Koalitionsvertrag die Lichter ausknipst, dann wird sich die Kommission nicht mehr trauen, etwas zu tun. Denn wenn sie Deutschland auch im Rat verliert, dann wissen sie, dass das nicht von Erfolg gekr\u00f6nt ist. Insofern wird man auf Deutschland schauen. Aber die Vorarbeit, die Blienert hier mit seinen Vorgespr\u00e4chen geleistet hat, ist auf jeden Fall geleistet worden. Und vor allem brauchen wir jetzt das Signal aus dem Koalitionsvertrag, damit sich die Kommission dann traut, die n\u00e4chsten Schritte zu gehen.<\/p><p><span style=\"color: #5c59f4;\"><strong>Moritz F\u00f6rster: <\/strong><\/span>Ren\u00e9, es ist im Moment unglaublich schwierig, Vorhersagen zu treffen, weil es so viele Unw\u00e4gbarkeiten gibt. Wollen Sie trotzdem eine Vermutung wagen und sch\u00e4tzen, wann das erste Land in der EU eine Cannabis-Wertsch\u00f6pfungskette als Freizeitprodukt vollst\u00e4ndig legalisiert haben wird?<\/p><p><span style=\"color: #5c59f4;\"><strong>Ren\u00e9 Repasi: <\/strong><\/span>Vollst\u00e4ndig legalisiert? Wow, das ist wirklich schwierig, weil es, wie gesagt, davon abh\u00e4ngt, wann wir nach europ\u00e4ischem Recht gr\u00fcnes Licht bekommen. Au\u00dferdem muss das Land, das das tut, auch aus allen UN-Abkommen austreten. Das ist verfahrenstechnisch etwas einfacher als eine \u00c4nderung des europ\u00e4ischen Rechts. Es ist alles an Bedingungen gekn\u00fcpft. Sagen wir also, wenn ich optimistisch w\u00e4re, die Kommission schl\u00e4gt so etwas tats\u00e4chlich im zweiten Quartal 2026 vor, dann l\u00e4uft ein Gesetzgebungsverfahren, wenn es einigerma\u00dfen reibungslos verl\u00e4uft, was in diesem Bereich nicht sehr wahrscheinlich ist, aber sagen wir, es wird in zwei Jahren abgeschlossen sein, dann h\u00e4tten wir 2028, und dann kann es umgesetzt werden. Insofern k\u00f6nnte man wahrscheinlich den Zeitraum 2029-2030 nennen, um das Gesetz zu legalisieren. Die Ausnahme f\u00fcr wissenschaftliche und Forschungszwecke bleibt bestehen, auch der Weg, den die Niederlande eingeschlagen haben, und niemand wei\u00df genau, wie lange die Frist tats\u00e4chlich sein kann, 10 Jahre, 20 Jahre. Insofern gibt es auch Spielr\u00e4ume, die man testen kann, mit denen man schon im Vorgriff auf das, was kommen mag, voll legalisieren kann, aber dann nat\u00fcrlich auch das Risiko eingeht. Und gerade wenn man Risiken eingeht, sind solche Diskussionen wichtig, denn wenn die Kommission kein Vertragsverletzungsverfahren einleitet, gibt es niemanden, der sagt, das ist europarechtswidrig. Und insofern kann eine Kommission auch tolerieren, dass so etwas gemacht wird. Wenn man aber auf der sicheren Seite sein will, ist es besser, \u00fcber den genannten Zeitraum zu sprechen.<\/p><p><span style=\"color: #5c59f4;\"><strong>Moritz F\u00f6rster: <\/strong><\/span>Ja, ich finde das erw\u00e4hnte Gras-Experiment in den Niederlanden sehr aufregend, denn alle Erwachsenen, zumindest diejenigen mit Wohnsitz in den Niederlanden, k\u00f6nnen in zehn St\u00e4dten legal produziertes, legal vertriebenes und kontrolliertes Cannabis f\u00fcr den Freizeitgebrauch erwerben. Es geht also weit \u00fcber das hinaus, was wir zum Beispiel in der Schweiz sehen. Das ist also etwas, das man im Auge behalten sollte, um zu sehen, wie es sich entwickelt.\u00a0<\/p><p><span style=\"color: #5c59f4;\"><strong>Ren\u00e9 Repasi: <\/strong><\/span>Genau, und genau das ist auch in diesem Fall passiert, dass die Vertreter der niederl\u00e4ndischen Regierung im Vorfeld eng mit der Kommission kommuniziert haben, dass die Kommission nichts unternehmen w\u00fcrde.<\/p><p><span style=\"color: #5c59f4;\"><strong>Moritz F\u00f6rster: <\/strong><\/span>Gute Nachrichten f\u00fcr alle Zuh\u00f6rer. Mit der SPD in der n\u00e4chsten Regierung wird das CanG nicht zur\u00fcckgenommen. Ren\u00e9, du hast uns das noch einmal glaubhaft versichert. Dar\u00fcber sind wir froh. Und so wird Deutschland, wenn die SPD an der Regierung ist, ein ganz wichtiger Akteur f\u00fcr eine vollst\u00e4ndige Legalisierung nach europ\u00e4ischem Recht bleiben, m\u00f6glicherweise in einigen Jahren. Wir sind gespannt, wie die ganze Wahl ausgeht und was uns die Zukunft bringen wird. Vielen, vielen Dank, Ren\u00e9, dass du uns heute \u00fcber die Geschehnisse auf europ\u00e4ischer Ebene berichtest, denn das wird oft viel zu wenig beachtet.<\/p><p><span style=\"color: #5c59f4;\"><strong>Ren\u00e9 Repasi: <\/strong><\/span>Gern geschehen. Ich danke Ihnen f\u00fcr das Gespr\u00e4ch.<\/p>\t\t\t\t\t\t\t\t<\/div>\n\t\t\t\t<\/div>\n\t\t\t\t<\/div>\n\t\t\t\t<\/div>","protected":false},"excerpt":{"rendered":"<p>Die Wochen vor der Bundestagswahl am 23. Februar 2025 waren gepr\u00e4gt von vielen Spekulationen \u00fcber die Zukunft der deutschen Cannabislegalisierung. Unter diesen...<\/p>","protected":false},"author":2,"featured_media":2425,"comment_status":"closed","ping_status":"closed","sticky":false,"template":"","format":"standard","meta":{"footnotes":""},"categories":[37],"tags":[],"class_list":{"0":"post-2402","1":"post","2":"type-post","3":"status-publish","4":"format-standard","5":"has-post-thumbnail","7":"category-european-cannabis-industry"},"views":14,"_links":{"self":[{"href":"https:\/\/luminorecruit.com\/de\/wp-json\/wp\/v2\/posts\/2402","targetHints":{"allow":["GET"]}}],"collection":[{"href":"https:\/\/luminorecruit.com\/de\/wp-json\/wp\/v2\/posts"}],"about":[{"href":"https:\/\/luminorecruit.com\/de\/wp-json\/wp\/v2\/types\/post"}],"author":[{"embeddable":true,"href":"https:\/\/luminorecruit.com\/de\/wp-json\/wp\/v2\/users\/2"}],"replies":[{"embeddable":true,"href":"https:\/\/luminorecruit.com\/de\/wp-json\/wp\/v2\/comments?post=2402"}],"version-history":[{"count":43,"href":"https:\/\/luminorecruit.com\/de\/wp-json\/wp\/v2\/posts\/2402\/revisions"}],"predecessor-version":[{"id":2673,"href":"https:\/\/luminorecruit.com\/de\/wp-json\/wp\/v2\/posts\/2402\/revisions\/2673"}],"wp:featuredmedia":[{"embeddable":true,"href":"https:\/\/luminorecruit.com\/de\/wp-json\/wp\/v2\/media\/2425"}],"wp:attachment":[{"href":"https:\/\/luminorecruit.com\/de\/wp-json\/wp\/v2\/media?parent=2402"}],"wp:term":[{"taxonomy":"category","embeddable":true,"href":"https:\/\/luminorecruit.com\/de\/wp-json\/wp\/v2\/categories?post=2402"},{"taxonomy":"post_tag","embeddable":true,"href":"https:\/\/luminorecruit.com\/de\/wp-json\/wp\/v2\/tags?post=2402"}],"curies":[{"name":"wp","href":"https:\/\/api.w.org\/{rel}","templated":true}]}}