{"id":3144,"date":"2025-10-16T15:00:09","date_gmt":"2025-10-16T15:00:09","guid":{"rendered":"https:\/\/luminorecruit.com\/?p=3144"},"modified":"2025-10-16T15:04:16","modified_gmt":"2025-10-16T15:04:16","slug":"lumino-vereinigt-sich-in-lissabon-fur-ptmc-2025-kultiviert-verbindungen-teambuilding","status":"publish","type":"post","link":"https:\/\/luminorecruit.com\/de\/lumino-unites-in-lisbon-for-ptmc-2025-cultivate-connections-teambuilding\/","title":{"rendered":"Lumino trifft sich in Lissabon zum PTMC 2025, um Kontakte zu kn\u00fcpfen und Teambuilding zu betreiben"},"content":{"rendered":"<div data-elementor-type=\"wp-post\" data-elementor-id=\"3144\" class=\"elementor elementor-3144\" data-elementor-post-type=\"post\">\n\t\t\t\t<div class=\"elementor-element elementor-element-9605d3d e-flex e-con-boxed e-con e-parent\" data-id=\"9605d3d\" data-element_type=\"container\" data-e-type=\"container\">\n\t\t\t\t\t<div class=\"e-con-inner\">\n\t\t\t\t<div class=\"elementor-element elementor-element-00a7920 elementor-widget elementor-widget-text-editor\" data-id=\"00a7920\" data-element_type=\"widget\" data-e-type=\"widget\" data-widget_type=\"text-editor.default\">\n\t\t\t\t<div class=\"elementor-widget-container\">\n\t\t\t\t\t\t\t\t\t<p>Von <strong data-start=\"459\" data-end=\"478\">24-28 September<\/strong>reiste das Lumino-Team nach <strong data-start=\"509\" data-end=\"529\">Lissabon, Portugal<\/strong>zur Teilnahme an der <strong data-start=\"545\" data-end=\"597\">7. internationale Konferenz \u00fcber medizinisches Cannabis<\/strong>, veranstaltet von <strong data-start=\"609\" data-end=\"645\">PTMC (Portugal Medizinisches Cannabis)<\/strong>.<\/p><p><br data-start=\"646\" data-end=\"649\" \/>Was als berufliche Veranstaltung begann, entwickelte sich zu einer inspirierenden Woche der Zusammenarbeit, des Lernens und der Verbindung innerhalb der sich schnell entwickelnden <strong data-start=\"785\" data-end=\"815\">Europ\u00e4ische Cannabisindustrie<\/strong>.<\/p>\t\t\t\t\t\t\t\t<\/div>\n\t\t\t\t<\/div>\n\t\t\t\t<div class=\"elementor-element elementor-element-b29b7b1 elementor-widget elementor-widget-spacer\" data-id=\"b29b7b1\" data-element_type=\"widget\" data-e-type=\"widget\" data-widget_type=\"spacer.default\">\n\t\t\t\t<div class=\"elementor-widget-container\">\n\t\t\t\t\t\t\t<div class=\"elementor-spacer\">\n\t\t\t<div class=\"elementor-spacer-inner\"><\/div>\n\t\t<\/div>\n\t\t\t\t\t\t<\/div>\n\t\t\t\t<\/div>\n\t\t\t\t<div class=\"elementor-element elementor-element-23e3a38 elementor-widget-divider--separator-type-pattern elementor-widget-divider--no-spacing elementor-widget-divider--view-line elementor-widget elementor-widget-divider\" data-id=\"23e3a38\" data-element_type=\"widget\" data-e-type=\"widget\" data-widget_type=\"divider.default\">\n\t\t\t\t<div class=\"elementor-widget-container\">\n\t\t\t\t\t\t\t<div class=\"elementor-divider\" style=\"--divider-pattern-url: url(&quot;data:image\/svg+xml,%3Csvg xmlns=&#039;http:\/\/www.w3.org\/2000\/svg&#039; preserveAspectRatio=&#039;xMidYMid meet&#039; overflow=&#039;visible&#039; height=&#039;100%&#039; viewBox=&#039;0 0 126 26&#039; fill=&#039;black&#039; stroke=&#039;none&#039;%3E%3Cpath d=&#039;M3,10.2c2.6,0,2.6,2,2.6,3.2S4.4,16.5,3,16.5s-3-1.4-3-3.2S0.4,10.2,3,10.2z M18.8,10.2c1.7,0,3.2,1.4,3.2,3.2s-1.4,3.2-3.2,3.2c-1.7,0-3.2-1.4-3.2-3.2S17,10.2,18.8,10.2z M34.6,10.2c1.5,0,2.6,1.4,2.6,3.2s-0.5,3.2-1.9,3.2c-1.5,0-3.4-1.4-3.4-3.2S33.1,10.2,34.6,10.2z M50.5,10.2c1.7,0,3.2,1.4,3.2,3.2s-1.4,3.2-3.2,3.2c-1.7,0-3.3-0.9-3.3-2.6S48.7,10.2,50.5,10.2z M66.2,10.2c1.5,0,3.4,1.4,3.4,3.2s-1.9,3.2-3.4,3.2c-1.5,0-2.6-0.4-2.6-2.1S64.8,10.2,66.2,10.2z M82.2,10.2c1.7,0.8,2.6,1.4,2.6,3.2s-0.1,3.2-1.6,3.2c-1.5,0-3.7-1.4-3.7-3.2S80.5,9.4,82.2,10.2zM98.6,10.2c1.5,0,2.6,0.4,2.6,2.1s-1.2,4.2-2.6,4.2c-1.5,0-3.7-0.4-3.7-2.1S97.1,10.2,98.6,10.2z M113.4,10.2c1.2,0,2.2,0.9,2.2,3.2s-0.1,3.2-1.3,3.2s-3.1-1.4-3.1-3.2S112.2,10.2,113.4,10.2z&#039;\/%3E%3C\/svg%3E&quot;);\">\n\t\t\t<span class=\"elementor-divider-separator\">\n\t\t\t\t\t\t<\/span>\n\t\t<\/div>\n\t\t\t\t\t\t<\/div>\n\t\t\t\t<\/div>\n\t\t\t\t<div class=\"elementor-element elementor-element-8bcb0df elementor-widget elementor-widget-spacer\" data-id=\"8bcb0df\" data-element_type=\"widget\" data-e-type=\"widget\" data-widget_type=\"spacer.default\">\n\t\t\t\t<div class=\"elementor-widget-container\">\n\t\t\t\t\t\t\t<div class=\"elementor-spacer\">\n\t\t\t<div class=\"elementor-spacer-inner\"><\/div>\n\t\t<\/div>\n\t\t\t\t\t\t<\/div>\n\t\t\t\t<\/div>\n\t\t\t\t<div class=\"elementor-element elementor-element-82cbf1a elementor-widget elementor-widget-heading\" data-id=\"82cbf1a\" data-element_type=\"widget\" data-e-type=\"widget\" data-widget_type=\"heading.default\">\n\t\t\t\t<div class=\"elementor-widget-container\">\n\t\t\t\t\t<h2 class=\"elementor-heading-title elementor-size-default\">Pflege von Beziehungen in Lissabon<\/h2>\t\t\t\t<\/div>\n\t\t\t\t<\/div>\n\t\t\t\t<div class=\"elementor-element elementor-element-6d6429e elementor-widget elementor-widget-text-editor\" data-id=\"6d6429e\" data-element_type=\"widget\" data-e-type=\"widget\" data-widget_type=\"text-editor.default\">\n\t\t\t\t<div class=\"elementor-widget-container\">\n\t\t\t\t\t\t\t\t\t<p data-start=\"2185\" data-end=\"2321\">Unsere Woche begann mit <strong data-start=\"2205\" data-end=\"2233\">Verbindungen kultivieren LX<\/strong>einer exklusiven Networking-Veranstaltung auf dem Dach, die gemeinsam mit <strong data-start=\"2288\" data-end=\"2302\">CANNAVIGIA<\/strong>\u00a0und <strong data-start=\"2307\" data-end=\"2318\">Fluence<\/strong>.<\/p><p data-start=\"2323\" data-end=\"2688\">Mit Panoramablick auf die Stadt, authentischen Pizzen aus dem Holzofen und einer entspannten, einladenden Atmosph\u00e4re war der Abend die perfekte Einstimmung auf die kommenden Tage. Besonderen Dank an <strong data-start=\"2489\" data-end=\"2515\">Sebastian Sonntagbauer<\/strong> daf\u00fcr, dass er die Stimmung mit seinem unglaublichen Vinyl-Set angehoben hat - die Musik, die Gespr\u00e4che und die Energie spiegelten wirklich den gemeinschaftlichen Geist des <strong data-start=\"2655\" data-end=\"2685\">Europ\u00e4ische Cannabisindustrie<\/strong>.<\/p>\t\t\t\t\t\t\t\t<\/div>\n\t\t\t\t<\/div>\n\t\t\t\t<div class=\"elementor-element elementor-element-7f8e371 elementor-widget elementor-widget-image\" data-id=\"7f8e371\" data-element_type=\"widget\" data-e-type=\"widget\" data-widget_type=\"image.default\">\n\t\t\t\t<div class=\"elementor-widget-container\">\n\t\t\t\t\t\t\t\t\t\t\t\t\t\t\t<img fetchpriority=\"high\" decoding=\"async\" width=\"1024\" height=\"552\" src=\"https:\/\/luminorecruit.com\/wp-content\/uploads\/2025\/10\/10.9.25-Lisbon-Cultivating-Connections-1-1024x552.webp\" class=\"attachment-large size-large wp-image-3154\" alt=\"Cultivate Connections Cannabis-Veranstaltung auf dem Dach in Lissabon, Portugal 2025\" srcset=\"https:\/\/luminorecruit.com\/wp-content\/uploads\/2025\/10\/10.9.25-Lisbon-Cultivating-Connections-1-1024x552.webp 1024w, https:\/\/luminorecruit.com\/wp-content\/uploads\/2025\/10\/10.9.25-Lisbon-Cultivating-Connections-1-300x162.webp 300w, https:\/\/luminorecruit.com\/wp-content\/uploads\/2025\/10\/10.9.25-Lisbon-Cultivating-Connections-1-768x414.webp 768w, https:\/\/luminorecruit.com\/wp-content\/uploads\/2025\/10\/10.9.25-Lisbon-Cultivating-Connections-1-18x10.webp 18w, https:\/\/luminorecruit.com\/wp-content\/uploads\/2025\/10\/10.9.25-Lisbon-Cultivating-Connections-1.webp 1263w\" sizes=\"(max-width: 1024px) 100vw, 1024px\" \/>\t\t\t\t\t\t\t\t\t\t\t\t\t\t\t<\/div>\n\t\t\t\t<\/div>\n\t\t\t\t<div class=\"elementor-element elementor-element-55ad6f9 elementor-widget elementor-widget-spacer\" data-id=\"55ad6f9\" data-element_type=\"widget\" data-e-type=\"widget\" data-widget_type=\"spacer.default\">\n\t\t\t\t<div class=\"elementor-widget-container\">\n\t\t\t\t\t\t\t<div class=\"elementor-spacer\">\n\t\t\t<div class=\"elementor-spacer-inner\"><\/div>\n\t\t<\/div>\n\t\t\t\t\t\t<\/div>\n\t\t\t\t<\/div>\n\t\t\t\t<div class=\"elementor-element elementor-element-88cb031 elementor-widget elementor-widget-heading\" data-id=\"88cb031\" data-element_type=\"widget\" data-e-type=\"widget\" data-widget_type=\"heading.default\">\n\t\t\t\t<div class=\"elementor-widget-container\">\n\t\t\t\t\t<h2 class=\"elementor-heading-title elementor-size-default\">Einblicke und Inspiration auf dem PTMC 2025<\/h2>\t\t\t\t<\/div>\n\t\t\t\t<\/div>\n\t\t\t\t<div class=\"elementor-element elementor-element-7550b3f elementor-widget elementor-widget-text-editor\" data-id=\"7550b3f\" data-element_type=\"widget\" data-e-type=\"widget\" data-widget_type=\"text-editor.default\">\n\t\t\t\t<div class=\"elementor-widget-container\">\n\t\t\t\t\t\t\t\t\t<p data-start=\"2735\" data-end=\"3028\">Am n\u00e4chsten Tag nahmen wir gemeinsam mit Hunderten von Fachleuten an der <strong data-start=\"2792\" data-end=\"2811\">PTMC-Konferenz<\/strong> in der historischen <strong data-start=\"2833\" data-end=\"2869\">Sociedade de Geografia de Lisboa<\/strong>. Die Veranstaltung brachte Vordenker, Wissenschaftler und Unternehmensinnovatoren aus ganz Europa zusammen, um Erkenntnisse \u00fcber die Zukunft der <strong data-start=\"3005\" data-end=\"3025\">medizinischer Cannabis<\/strong>.<\/p>\t\t\t\t\t\t\t\t<\/div>\n\t\t\t\t<\/div>\n\t\t\t\t<div class=\"elementor-element elementor-element-ebc6f88 elementor-widget elementor-widget-image\" data-id=\"ebc6f88\" data-element_type=\"widget\" data-e-type=\"widget\" data-widget_type=\"image.default\">\n\t\t\t\t<div class=\"elementor-widget-container\">\n\t\t\t\t\t\t\t\t\t\t\t\t\t\t\t<img decoding=\"async\" width=\"1024\" height=\"552\" src=\"https:\/\/luminorecruit.com\/wp-content\/uploads\/2025\/10\/10.9.25-PTMC-1-1024x552.webp\" class=\"attachment-large size-large wp-image-3156\" alt=\"PTMC 2025-Platten\" srcset=\"https:\/\/luminorecruit.com\/wp-content\/uploads\/2025\/10\/10.9.25-PTMC-1-1024x552.webp 1024w, https:\/\/luminorecruit.com\/wp-content\/uploads\/2025\/10\/10.9.25-PTMC-1-300x162.webp 300w, https:\/\/luminorecruit.com\/wp-content\/uploads\/2025\/10\/10.9.25-PTMC-1-768x414.webp 768w, https:\/\/luminorecruit.com\/wp-content\/uploads\/2025\/10\/10.9.25-PTMC-1-18x10.webp 18w, https:\/\/luminorecruit.com\/wp-content\/uploads\/2025\/10\/10.9.25-PTMC-1.webp 1263w\" sizes=\"(max-width: 1024px) 100vw, 1024px\" \/>\t\t\t\t\t\t\t\t\t\t\t\t\t\t\t<\/div>\n\t\t\t\t<\/div>\n\t\t\t\t<div class=\"elementor-element elementor-element-7432647 elementor-widget elementor-widget-text-editor\" data-id=\"7432647\" data-element_type=\"widget\" data-e-type=\"widget\" data-widget_type=\"text-editor.default\">\n\t\t\t\t<div class=\"elementor-widget-container\">\n\t\t\t\t\t\t\t\t\t<p data-start=\"2735\" data-end=\"3028\">Am n\u00e4chsten Tag nahmen wir gemeinsam mit Hunderten von Fachleuten an der <strong data-start=\"2792\" data-end=\"2811\">PTMC-Konferenz<\/strong> in der historischen <strong data-start=\"2833\" data-end=\"2869\">Sociedade de Geografia de Lisboa<\/strong>. Die Veranstaltung brachte Vordenker, Wissenschaftler und Unternehmensinnovatoren aus ganz Europa zusammen, um Erkenntnisse \u00fcber die Zukunft der <strong data-start=\"3005\" data-end=\"3025\">medizinischer Cannabis<\/strong>.<\/p><p data-start=\"3030\" data-end=\"3506\">Wir hatten das Gl\u00fcck, an Podiumsdiskussionen teilzunehmen, an denen Experten teilnahmen wie <strong data-start=\"3091\" data-end=\"3106\">Laura Ramos<\/strong>, <strong data-start=\"3108\" data-end=\"3126\">Sarah Sinclair<\/strong>, <strong data-start=\"3128\" data-end=\"3154\">Amit Edri (Portocanna)<\/strong>, <strong data-start=\"3156\" data-end=\"3180\">Alfredo Pascual, CFA<\/strong>, <strong data-start=\"3182\" data-end=\"3251\">F\u00e1tima Godinho Carvalho (LEF - Laborat\u00f3rio Estudos Farmac\u00eauticos)<\/strong>, <strong data-start=\"3253\" data-end=\"3296\">Danielle Andrea (Curaleaf Laboratorien)<\/strong>, <strong data-start=\"3298\" data-end=\"3334\">Franziska Katterbach (Oppenhoff)<\/strong>, <strong data-start=\"3336\" data-end=\"3363\">Michael Sassano (SOMA\u00cd)<\/strong>, <strong data-start=\"3365\" data-end=\"3405\">Joana Silveira Botelho (Cuatrecasas)<\/strong>, <strong data-start=\"3407\" data-end=\"3435\">Ant\u00f3nio Vieira (AceCann)<\/strong>, <strong data-start=\"3437\" data-end=\"3486\">Margarita Cardoso de Meneses (CannaReporter\u00ae)<\/strong>und viele andere.<\/p><p data-start=\"3508\" data-end=\"3751\">Diese Diskussionen boten wertvolle Einblicke in die Bereiche Regulierung, Patientenzugang, Forschung und die kommerzielle Entwicklung der <strong data-start=\"3634\" data-end=\"3664\">Europ\u00e4ische Cannabisindustrie.<\/strong><\/p><p data-start=\"3753\" data-end=\"4016\">Die Konferenz endete mit einem wundersch\u00f6nen Abendessen im kultigen <strong data-start=\"3816\" data-end=\"3836\">Casa do Alentejo<\/strong>, ein Veranstaltungsort aus dem 19. Jahrhundert voller Charme und Geschichte.<\/p>\t\t\t\t\t\t\t\t<\/div>\n\t\t\t\t<\/div>\n\t\t\t\t<div class=\"elementor-element elementor-element-e04a5b2 elementor-widget elementor-widget-image\" data-id=\"e04a5b2\" data-element_type=\"widget\" data-e-type=\"widget\" data-widget_type=\"image.default\">\n\t\t\t\t<div class=\"elementor-widget-container\">\n\t\t\t\t\t\t\t\t\t\t\t\t\t\t\t<img decoding=\"async\" width=\"1024\" height=\"552\" src=\"https:\/\/luminorecruit.com\/wp-content\/uploads\/2025\/10\/10.9.25-PTMC-dinner-1-1024x552.webp\" class=\"attachment-large size-large wp-image-3155\" alt=\"PTMC 2025 - Portugal Medizinisches Cannabis - Schnappsch\u00fcsse vom Abendessen\" srcset=\"https:\/\/luminorecruit.com\/wp-content\/uploads\/2025\/10\/10.9.25-PTMC-dinner-1-1024x552.webp 1024w, https:\/\/luminorecruit.com\/wp-content\/uploads\/2025\/10\/10.9.25-PTMC-dinner-1-300x162.webp 300w, https:\/\/luminorecruit.com\/wp-content\/uploads\/2025\/10\/10.9.25-PTMC-dinner-1-768x414.webp 768w, https:\/\/luminorecruit.com\/wp-content\/uploads\/2025\/10\/10.9.25-PTMC-dinner-1-18x10.webp 18w, https:\/\/luminorecruit.com\/wp-content\/uploads\/2025\/10\/10.9.25-PTMC-dinner-1.webp 1263w\" sizes=\"(max-width: 1024px) 100vw, 1024px\" \/>\t\t\t\t\t\t\t\t\t\t\t\t\t\t\t<\/div>\n\t\t\t\t<\/div>\n\t\t\t\t<div class=\"elementor-element elementor-element-563ba35 elementor-widget elementor-widget-text-editor\" data-id=\"563ba35\" data-element_type=\"widget\" data-e-type=\"widget\" data-widget_type=\"text-editor.default\">\n\t\t\t\t<div class=\"elementor-widget-container\">\n\t\t\t\t\t\t\t\t\t<p data-start=\"3753\" data-end=\"4016\">Und um die Sache aufzupeppen, organisierten die Organisatoren eine hitzige Debatte \u00fcber die Zukunft von medizinischem Cannabis in Portugal, an der der Neurologe Professor <strong>Carl Hart, Alfredo Pascual<\/strong>, <strong>Jorge Miguel Teixeira<\/strong> (Iniciative Liberale), <strong>B\u00e1rbara do Amaral Correia<\/strong> (PSD - Partido Social Democrata), und <strong>Cl\u00e1udia Est\u00eav\u00e3o<\/strong> (Partido CHEGA).<\/p><p data-start=\"3753\" data-end=\"4016\">Ein gro\u00dfes Dankesch\u00f6n an <strong data-start=\"3906\" data-end=\"3921\">Laura Ramos<\/strong>, <strong data-start=\"3923\" data-end=\"3941\">Helena Solnado<\/strong>und <strong data-start=\"3947\" data-end=\"3962\">Jo\u00e3o Duarte<\/strong> f\u00fcr die Organisation einer so bedeutungsvollen und denkw\u00fcrdigen Veranstaltung.<\/p>\t\t\t\t\t\t\t\t<\/div>\n\t\t\t\t<\/div>\n\t\t\t\t<div class=\"elementor-element elementor-element-af76bd9 elementor-widget elementor-widget-spacer\" data-id=\"af76bd9\" data-element_type=\"widget\" data-e-type=\"widget\" data-widget_type=\"spacer.default\">\n\t\t\t\t<div class=\"elementor-widget-container\">\n\t\t\t\t\t\t\t<div class=\"elementor-spacer\">\n\t\t\t<div class=\"elementor-spacer-inner\"><\/div>\n\t\t<\/div>\n\t\t\t\t\t\t<\/div>\n\t\t\t\t<\/div>\n\t\t\t\t<div class=\"elementor-element elementor-element-cf2ed59 elementor-widget elementor-widget-heading\" data-id=\"cf2ed59\" data-element_type=\"widget\" data-e-type=\"widget\" data-widget_type=\"heading.default\">\n\t\t\t\t<div class=\"elementor-widget-container\">\n\t\t\t\t\t<h2 class=\"elementor-heading-title elementor-size-default\">Bindungen \u00fcber Grenzen hinweg aufbauen<\/h2>\t\t\t\t<\/div>\n\t\t\t\t<\/div>\n\t\t\t\t<div class=\"elementor-element elementor-element-a2a2ad9 elementor-widget elementor-widget-spacer\" data-id=\"a2a2ad9\" data-element_type=\"widget\" data-e-type=\"widget\" data-widget_type=\"spacer.default\">\n\t\t\t\t<div class=\"elementor-widget-container\">\n\t\t\t\t\t\t\t<div class=\"elementor-spacer\">\n\t\t\t<div class=\"elementor-spacer-inner\"><\/div>\n\t\t<\/div>\n\t\t\t\t\t\t<\/div>\n\t\t\t\t<\/div>\n\t\t\t\t<div class=\"elementor-element elementor-element-8c606a3 elementor-widget elementor-widget-testimonial\" data-id=\"8c606a3\" data-element_type=\"widget\" data-e-type=\"widget\" data-widget_type=\"testimonial.default\">\n\t\t\t\t<div class=\"elementor-widget-container\">\n\t\t\t\t\t\t\t<div class=\"elementor-testimonial-wrapper\">\n\t\t\t\t\t\t\t<div class=\"elementor-testimonial-content\">\"Gro\u00dfe Dinge im Gesch\u00e4ftsleben werden nie von einer einzelnen Person vollbracht. Sie werden von einem Team von Menschen vollbracht.\"<\/div>\n\t\t\t\n\t\t\t\t\t\t<div class=\"elementor-testimonial-meta\">\n\t\t\t\t<div class=\"elementor-testimonial-meta-inner\">\n\t\t\t\t\t\n\t\t\t\t\t\t\t\t\t\t<div class=\"elementor-testimonial-details\">\n\t\t\t\t\t\t\t\t\t\t\t\t\t\t<div class=\"elementor-testimonial-name\">Steve Jobs<\/div>\n\t\t\t\t\t\t\t\t\t\t\t\t\t\t\t\t\t\t\t\t\t\t<div class=\"elementor-testimonial-job\">Ehemaliger CEO von Apple<\/div>\n\t\t\t\t\t\t\t\t\t\t\t\t\t<\/div>\n\t\t\t\t\t\t\t\t\t<\/div>\n\t\t\t<\/div>\n\t\t\t\t\t<\/div>\n\t\t\t\t\t\t<\/div>\n\t\t\t\t<\/div>\n\t\t\t\t<div class=\"elementor-element elementor-element-f5b6c4a elementor-widget elementor-widget-spacer\" data-id=\"f5b6c4a\" data-element_type=\"widget\" data-e-type=\"widget\" data-widget_type=\"spacer.default\">\n\t\t\t\t<div class=\"elementor-widget-container\">\n\t\t\t\t\t\t\t<div class=\"elementor-spacer\">\n\t\t\t<div class=\"elementor-spacer-inner\"><\/div>\n\t\t<\/div>\n\t\t\t\t\t\t<\/div>\n\t\t\t\t<\/div>\n\t\t\t\t<div class=\"elementor-element elementor-element-ce4192e elementor-widget elementor-widget-text-editor\" data-id=\"ce4192e\" data-element_type=\"widget\" data-e-type=\"widget\" data-widget_type=\"text-editor.default\">\n\t\t\t\t<div class=\"elementor-widget-container\">\n\t\t\t\t\t\t\t\t\t<p data-start=\"971\" data-end=\"1208\">Bei Lumino wird alles, was wir tun, von dieser Philosophie geleitet. Jedes Mal, wenn unser Team zu einem Branchenevent zusammenkommt, sehen wir darin mehr als nur eine Gelegenheit zum Networking, es ist eine Chance, die Beziehungen zu st\u00e4rken, die unsere Mission m\u00f6glich machen.<\/p><p data-start=\"1210\" data-end=\"1405\">Und dieses Mal haben wir unser gesamtes Team zusammen - <strong data-start=\"1226\" data-end=\"1313\">Thomas Gray, Nikita Cretu, Ellen Jardim, Aj Mishra, Eric Spelten und Roberto Perez<\/strong> - machten dieses Treffen zu einem unserer bisher bedeutendsten Unternehmenstreffen.<\/p>\t\t\t\t\t\t\t\t<\/div>\n\t\t\t\t<\/div>\n\t\t\t\t<div class=\"elementor-element elementor-element-1246800 elementor-widget elementor-widget-spacer\" data-id=\"1246800\" data-element_type=\"widget\" data-e-type=\"widget\" data-widget_type=\"spacer.default\">\n\t\t\t\t<div class=\"elementor-widget-container\">\n\t\t\t\t\t\t\t<div class=\"elementor-spacer\">\n\t\t\t<div class=\"elementor-spacer-inner\"><\/div>\n\t\t<\/div>\n\t\t\t\t\t\t<\/div>\n\t\t\t\t<\/div>\n\t\t\t\t<div class=\"elementor-element elementor-element-7eb83c3 elementor-widget elementor-widget-image\" data-id=\"7eb83c3\" data-element_type=\"widget\" data-e-type=\"widget\" data-widget_type=\"image.default\">\n\t\t\t\t<div class=\"elementor-widget-container\">\n\t\t\t\t\t\t\t\t\t\t\t\t\t\t\t<img loading=\"lazy\" decoding=\"async\" width=\"1024\" height=\"552\" src=\"https:\/\/luminorecruit.com\/wp-content\/uploads\/2025\/10\/10.9.25-teambuilding-1-1024x552.webp\" class=\"attachment-large size-large wp-image-3157\" alt=\"Lumino Rekrutierung Teambuilding-Aktivit\u00e4ten\" srcset=\"https:\/\/luminorecruit.com\/wp-content\/uploads\/2025\/10\/10.9.25-teambuilding-1-1024x552.webp 1024w, https:\/\/luminorecruit.com\/wp-content\/uploads\/2025\/10\/10.9.25-teambuilding-1-300x162.webp 300w, https:\/\/luminorecruit.com\/wp-content\/uploads\/2025\/10\/10.9.25-teambuilding-1-768x414.webp 768w, https:\/\/luminorecruit.com\/wp-content\/uploads\/2025\/10\/10.9.25-teambuilding-1-18x10.webp 18w, https:\/\/luminorecruit.com\/wp-content\/uploads\/2025\/10\/10.9.25-teambuilding-1.webp 1263w\" sizes=\"(max-width: 1024px) 100vw, 1024px\" \/>\t\t\t\t\t\t\t\t\t\t\t\t\t\t\t<\/div>\n\t\t\t\t<\/div>\n\t\t\t\t<div class=\"elementor-element elementor-element-6628c4c elementor-widget elementor-widget-text-editor\" data-id=\"6628c4c\" data-element_type=\"widget\" data-e-type=\"widget\" data-widget_type=\"text-editor.default\">\n\t\t\t\t<div class=\"elementor-widget-container\">\n\t\t\t\t\t\t\t\t\t<p data-start=\"1407\" data-end=\"1727\">Seit dem Start in Gro\u00dfbritannien im Jahr 2018 hat Lumino international expandiert und verf\u00fcgt \u00fcber Teammitglieder in drei L\u00e4ndern, die Kunden durch <strong data-start=\"1568\" data-end=\"1602\">Einstellung von Cannabis in Europa<\/strong> und dar\u00fcber hinaus. Alle zusammen zu sehen, erinnerte uns daran, wie weit wir gekommen sind und wie die Zusammenarbeit unseren Erfolg weiter vorantreibt.<\/p><p data-start=\"1729\" data-end=\"1859\">Wir waren auch sehr erfreut \u00fcber den Besuch unseres Freundes <strong data-start=\"1774\" data-end=\"1788\">Anuj Desai<\/strong>Wir haben gemeinsam gegessen, uns unterhalten und ein paar unvergessliche Spazierg\u00e4nge durch Lissabon unternommen.<\/p><p data-start=\"1861\" data-end=\"2137\">Wir bei Lumino glauben, dass <em data-start=\"1888\" data-end=\"1937\">Eine Branche ist nur so gut wie die Menschen, die in ihr arbeiten.<\/em><\/p><p data-start=\"1861\" data-end=\"2137\">Dies beginnt mit unserer eigenen Kultur. Deshalb legen wir gro\u00dfen Wert darauf, ein Umfeld zu schaffen, in dem sich die Menschen wertgesch\u00e4tzt, unterst\u00fctzt und verbunden f\u00fchlen.<\/p>\t\t\t\t\t\t\t\t<\/div>\n\t\t\t\t<\/div>\n\t\t\t\t<div class=\"elementor-element elementor-element-346d4e0 elementor-widget elementor-widget-spacer\" data-id=\"346d4e0\" data-element_type=\"widget\" data-e-type=\"widget\" data-widget_type=\"spacer.default\">\n\t\t\t\t<div class=\"elementor-widget-container\">\n\t\t\t\t\t\t\t<div class=\"elementor-spacer\">\n\t\t\t<div class=\"elementor-spacer-inner\"><\/div>\n\t\t<\/div>\n\t\t\t\t\t\t<\/div>\n\t\t\t\t<\/div>\n\t\t\t\t<div class=\"elementor-element elementor-element-f150f52 elementor-widget elementor-widget-heading\" data-id=\"f150f52\" data-element_type=\"widget\" data-e-type=\"widget\" data-widget_type=\"heading.default\">\n\t\t\t\t<div class=\"elementor-widget-container\">\n\t\t\t\t\t<h2 class=\"elementor-heading-title elementor-size-default\">Blick in die Zukunft<\/h2>\t\t\t\t<\/div>\n\t\t\t\t<\/div>\n\t\t\t\t<div class=\"elementor-element elementor-element-090cad2 elementor-widget elementor-widget-text-editor\" data-id=\"090cad2\" data-element_type=\"widget\" data-e-type=\"widget\" data-widget_type=\"text-editor.default\">\n\t\t\t\t<div class=\"elementor-widget-container\">\n\t\t\t\t\t\t\t\t\t<p data-start=\"4044\" data-end=\"4167\">Wochen sp\u00e4ter denken wir immer noch \u00fcber alles nach, was wir in Lissabon erlebt haben, und f\u00fchlen uns inspirierter denn je.<\/p><p data-start=\"4169\" data-end=\"4325\">Veranstaltungen wie <strong data-start=\"4181\" data-end=\"4189\">PTMC<\/strong> Erinnern Sie uns daran, warum wir uns so leidenschaftlich f\u00fcr diesen Bereich einsetzen: um eine bl\u00fchende, verantwortungsvolle und integrative Gesellschaft aufzubauen. <strong data-start=\"4292\" data-end=\"4322\">Europ\u00e4ische Cannabisindustrie<\/strong>.<\/p><p data-start=\"4327\" data-end=\"4457\">Wir sind dankbar f\u00fcr die Gespr\u00e4che, die neuen Partnerschaften und das Gef\u00fchl eines gemeinsamen Ziels, das sich aus dieser unglaublichen Woche ergab.<\/p><p data-start=\"4459\" data-end=\"4682\">Ein gro\u00dfes Dankesch\u00f6n an alle, die wir in Lissabon, Portugal, getroffen haben. Wir freuen uns darauf, das Wachstum dieser Branche weiterhin durch unsere Arbeit in den folgenden Bereichen zu unterst\u00fctzen <strong data-start=\"4608\" data-end=\"4642\">Einstellung von Cannabis in Europa<\/strong> und auf ein baldiges Wiedersehen mit vielen von Ihnen.<\/p>\t\t\t\t\t\t\t\t<\/div>\n\t\t\t\t<\/div>\n\t\t\t\t\t<\/div>\n\t\t\t\t<\/div>\n\t\t\t\t<\/div>","protected":false},"excerpt":{"rendered":"<p>Vom 24. bis 28. September reiste das Lumino-Team nach Lissabon, Portugal, um an der 7. internationalen Konferenz \u00fcber medizinisches Cannabis teilzunehmen, die von PTMC (Portugal Medical Cannabis) ausgerichtet wurde. Was als professionelles Treffen begann...<\/p>","protected":false},"author":2,"featured_media":3145,"comment_status":"closed","ping_status":"open","sticky":false,"template":"","format":"standard","meta":{"footnotes":""},"categories":[27],"tags":[],"class_list":{"0":"post-3144","1":"post","2":"type-post","3":"status-publish","4":"format-standard","5":"has-post-thumbnail","7":"category-whats-new-with-lumino"},"views":26,"_links":{"self":[{"href":"https:\/\/luminorecruit.com\/de\/wp-json\/wp\/v2\/posts\/3144","targetHints":{"allow":["GET"]}}],"collection":[{"href":"https:\/\/luminorecruit.com\/de\/wp-json\/wp\/v2\/posts"}],"about":[{"href":"https:\/\/luminorecruit.com\/de\/wp-json\/wp\/v2\/types\/post"}],"author":[{"embeddable":true,"href":"https:\/\/luminorecruit.com\/de\/wp-json\/wp\/v2\/users\/2"}],"replies":[{"embeddable":true,"href":"https:\/\/luminorecruit.com\/de\/wp-json\/wp\/v2\/comments?post=3144"}],"version-history":[{"count":10,"href":"https:\/\/luminorecruit.com\/de\/wp-json\/wp\/v2\/posts\/3144\/revisions"}],"predecessor-version":[{"id":3160,"href":"https:\/\/luminorecruit.com\/de\/wp-json\/wp\/v2\/posts\/3144\/revisions\/3160"}],"wp:featuredmedia":[{"embeddable":true,"href":"https:\/\/luminorecruit.com\/de\/wp-json\/wp\/v2\/media\/3145"}],"wp:attachment":[{"href":"https:\/\/luminorecruit.com\/de\/wp-json\/wp\/v2\/media?parent=3144"}],"wp:term":[{"taxonomy":"category","embeddable":true,"href":"https:\/\/luminorecruit.com\/de\/wp-json\/wp\/v2\/categories?post=3144"},{"taxonomy":"post_tag","embeddable":true,"href":"https:\/\/luminorecruit.com\/de\/wp-json\/wp\/v2\/tags?post=3144"}],"curies":[{"name":"wp","href":"https:\/\/api.w.org\/{rel}","templated":true}]}}