{"id":3213,"date":"2025-10-27T14:31:40","date_gmt":"2025-10-27T14:31:40","guid":{"rendered":"https:\/\/luminorecruit.com\/?p=3213"},"modified":"2025-12-11T10:07:11","modified_gmt":"2025-12-11T10:07:11","slug":"zurich-verlangert-legales-cannabis-pilotprogramm-bis-2028","status":"publish","type":"post","link":"https:\/\/luminorecruit.com\/de\/zurich-extends-legal-cannabis-pilot-programme-to-2028\/","title":{"rendered":"Z\u00fcrich verl\u00e4ngert Pilotprogramm f\u00fcr legales Cannabis bis 2028"},"content":{"rendered":"<div data-elementor-type=\"wp-post\" data-elementor-id=\"3213\" class=\"elementor elementor-3213\" data-elementor-post-type=\"post\">\n\t\t\t\t<div class=\"elementor-element elementor-element-190145d e-flex e-con-boxed e-con e-parent\" data-id=\"190145d\" data-element_type=\"container\" data-e-type=\"container\">\n\t\t\t\t\t<div class=\"e-con-inner\">\n\t\t\t\t<div class=\"elementor-element elementor-element-487f52e elementor-widget elementor-widget-heading\" data-id=\"487f52e\" data-element_type=\"widget\" data-e-type=\"widget\" data-widget_type=\"heading.default\">\n\t\t\t\t<div class=\"elementor-widget-container\">\n\t\t\t\t\t<h5 class=\"elementor-heading-title elementor-size-default\">Zusammenfassung<\/h5>\t\t\t\t<\/div>\n\t\t\t\t<\/div>\n\t\t\t\t<div class=\"elementor-element elementor-element-e3affed elementor-widget elementor-widget-text-editor\" data-id=\"e3affed\" data-element_type=\"widget\" data-e-type=\"widget\" data-widget_type=\"text-editor.default\">\n\t\t\t\t<div class=\"elementor-widget-container\">\n\t\t\t\t\t\t\t\t\t<p data-start=\"540\" data-end=\"849\">Am Montag, den 20. Oktober, wurde bekannt gegeben, dass die <strong data-start=\"544\" data-end=\"562\">Stadt Z\u00fcrich<\/strong> hatte sich f\u00f6rmlich beworben bei <strong data-start=\"587\" data-end=\"687\">das legale Cannabis-Pilotprogramm \u201cZ\u00fcri Can - Cannabis mit Verantwortung\u201d bis 2028 zu verl\u00e4ngern<\/strong>, zwei Jahre \u00fcber das <strong>urspr\u00fcngliches Enddatum: 2026<\/strong>. Das Projekt ist Teil des f\u00f6deralen Rahmens der Schweiz f\u00fcr wissenschaftliche Studien zum regulierten Cannabiskonsum f\u00fcr Erwachsene.<\/p><p data-start=\"851\" data-end=\"1207\">Nach Angaben der Schweizer <strong data-start=\"868\" data-end=\"910\">Bundesamt f\u00fcr Gesundheit (BAG)<\/strong>, Mit diesen Pilotprojekten sollen Erkenntnisse f\u00fcr eine m\u00f6gliche landesweite Regelung gewonnen werden. Die <strong data-start=\"991\" data-end=\"1040\">Universit\u00e4tsklinik f\u00fcr Psychiatrie Z\u00fcrich (PUK)<\/strong> leitet weiterhin die Forschungskomponente des Programms, die sich auf Verbrauchsgewohnheiten, gesundheitliche Folgen und Marktauswirkungen konzentriert.<\/p>\t\t\t\t\t\t\t\t<\/div>\n\t\t\t\t<\/div>\n\t\t\t\t<div class=\"elementor-element elementor-element-692f049 elementor-widget elementor-widget-spacer\" data-id=\"692f049\" data-element_type=\"widget\" data-e-type=\"widget\" data-widget_type=\"spacer.default\">\n\t\t\t\t<div class=\"elementor-widget-container\">\n\t\t\t\t\t\t\t<div class=\"elementor-spacer\">\n\t\t\t<div class=\"elementor-spacer-inner\"><\/div>\n\t\t<\/div>\n\t\t\t\t\t\t<\/div>\n\t\t\t\t<\/div>\n\t\t\t\t<div class=\"elementor-element elementor-element-232a2b9 elementor-widget elementor-widget-heading\" data-id=\"232a2b9\" data-element_type=\"widget\" data-e-type=\"widget\" data-widget_type=\"heading.default\">\n\t\t\t\t<div class=\"elementor-widget-container\">\n\t\t\t\t\t<h5 class=\"elementor-heading-title elementor-size-default\">Inhalts\u00fcbersicht<\/h5>\t\t\t\t<\/div>\n\t\t\t\t<\/div>\n\t\t\t\t<div class=\"elementor-element elementor-element-255d652 elementor-widget elementor-widget-text-editor\" data-id=\"255d652\" data-element_type=\"widget\" data-e-type=\"widget\" data-widget_type=\"text-editor.default\">\n\t\t\t\t<div class=\"elementor-widget-container\">\n\t\t\t\t\t\t\t\t\t<ul><li><a href=\"#why-zurich-is-extending-the-pilot\">Warum Z\u00fcrich das Pilotprojekt ausweitet<\/a><\/li><li><a href=\"#how-zurichs-cannabis-pilot-program-works\">So funktioniert das Z\u00fcrcher Cannabis-Pilotprogramm<\/a><\/li><li><a href=\"#zuri-cans-broader-implications-for-europes-cannabis-policy\">Z\u00fcri Cans weitere Auswirkungen auf die europ\u00e4ische Cannabispolitik<\/a><\/li><li><a href=\"#why-extend-the-pilot-and-not-just-fully-legalise-adult-use-entirely\">Warum sollte man das Pilotprojekt verl\u00e4ngern und nicht einfach den Gebrauch f\u00fcr Erwachsene vollst\u00e4ndig legalisieren?<\/a><\/li><\/ul>\t\t\t\t\t\t\t\t<\/div>\n\t\t\t\t<\/div>\n\t\t\t\t<div class=\"elementor-element elementor-element-acda1cd elementor-widget-divider--separator-type-pattern elementor-widget-divider--no-spacing elementor-widget-divider--view-line elementor-widget elementor-widget-divider\" data-id=\"acda1cd\" data-element_type=\"widget\" data-e-type=\"widget\" data-widget_type=\"divider.default\">\n\t\t\t\t<div class=\"elementor-widget-container\">\n\t\t\t\t\t\t\t<div class=\"elementor-divider\" style=\"--divider-pattern-url: url(&quot;data:image\/svg+xml,%3Csvg xmlns=&#039;http:\/\/www.w3.org\/2000\/svg&#039; preserveAspectRatio=&#039;xMidYMid meet&#039; overflow=&#039;visible&#039; height=&#039;100%&#039; viewBox=&#039;0 0 126 26&#039; fill=&#039;black&#039; stroke=&#039;none&#039;%3E%3Cpath d=&#039;M3,10.2c2.6,0,2.6,2,2.6,3.2S4.4,16.5,3,16.5s-3-1.4-3-3.2S0.4,10.2,3,10.2z M18.8,10.2c1.7,0,3.2,1.4,3.2,3.2s-1.4,3.2-3.2,3.2c-1.7,0-3.2-1.4-3.2-3.2S17,10.2,18.8,10.2z M34.6,10.2c1.5,0,2.6,1.4,2.6,3.2s-0.5,3.2-1.9,3.2c-1.5,0-3.4-1.4-3.4-3.2S33.1,10.2,34.6,10.2z M50.5,10.2c1.7,0,3.2,1.4,3.2,3.2s-1.4,3.2-3.2,3.2c-1.7,0-3.3-0.9-3.3-2.6S48.7,10.2,50.5,10.2z M66.2,10.2c1.5,0,3.4,1.4,3.4,3.2s-1.9,3.2-3.4,3.2c-1.5,0-2.6-0.4-2.6-2.1S64.8,10.2,66.2,10.2z M82.2,10.2c1.7,0.8,2.6,1.4,2.6,3.2s-0.1,3.2-1.6,3.2c-1.5,0-3.7-1.4-3.7-3.2S80.5,9.4,82.2,10.2zM98.6,10.2c1.5,0,2.6,0.4,2.6,2.1s-1.2,4.2-2.6,4.2c-1.5,0-3.7-0.4-3.7-2.1S97.1,10.2,98.6,10.2z M113.4,10.2c1.2,0,2.2,0.9,2.2,3.2s-0.1,3.2-1.3,3.2s-3.1-1.4-3.1-3.2S112.2,10.2,113.4,10.2z&#039;\/%3E%3C\/svg%3E&quot;);\">\n\t\t\t<span class=\"elementor-divider-separator\">\n\t\t\t\t\t\t<\/span>\n\t\t<\/div>\n\t\t\t\t\t\t<\/div>\n\t\t\t\t<\/div>\n\t\t\t\t<div class=\"elementor-element elementor-element-be0e271 elementor-widget elementor-widget-spacer\" data-id=\"be0e271\" data-element_type=\"widget\" data-e-type=\"widget\" data-widget_type=\"spacer.default\">\n\t\t\t\t<div class=\"elementor-widget-container\">\n\t\t\t\t\t\t\t<div class=\"elementor-spacer\">\n\t\t\t<div class=\"elementor-spacer-inner\"><\/div>\n\t\t<\/div>\n\t\t\t\t\t\t<\/div>\n\t\t\t\t<\/div>\n\t\t\t\t<div class=\"elementor-element elementor-element-0bf4892 elementor-widget elementor-widget-heading\" data-id=\"0bf4892\" data-element_type=\"widget\" data-e-type=\"widget\" id=\"why-zurich-is-extending-the-pilot\" data-widget_type=\"heading.default\">\n\t\t\t\t<div class=\"elementor-widget-container\">\n\t\t\t\t\t<h2 class=\"elementor-heading-title elementor-size-default\">Warum Z\u00fcrich das Pilotprojekt ausweitet<\/h2>\t\t\t\t<\/div>\n\t\t\t\t<\/div>\n\t\t\t\t<div class=\"elementor-element elementor-element-63b291e elementor-widget elementor-widget-image\" data-id=\"63b291e\" data-element_type=\"widget\" data-e-type=\"widget\" data-widget_type=\"image.default\">\n\t\t\t\t<div class=\"elementor-widget-container\">\n\t\t\t\t\t\t\t\t\t\t\t\t\t\t\t<img fetchpriority=\"high\" decoding=\"async\" width=\"1024\" height=\"552\" src=\"https:\/\/luminorecruit.com\/wp-content\/uploads\/2025\/10\/10.27.25-Zurich-1024x552.webp\" class=\"attachment-large size-large wp-image-3216\" alt=\"Z\u00fcrich, Schweiz aus der Vogelperspektive mit einer \u00dcberlagerung von Lumino&#039;s lila bis gr\u00fcnem Farbverlauf\" srcset=\"https:\/\/luminorecruit.com\/wp-content\/uploads\/2025\/10\/10.27.25-Zurich-1024x552.webp 1024w, https:\/\/luminorecruit.com\/wp-content\/uploads\/2025\/10\/10.27.25-Zurich-300x162.webp 300w, https:\/\/luminorecruit.com\/wp-content\/uploads\/2025\/10\/10.27.25-Zurich-768x414.webp 768w, https:\/\/luminorecruit.com\/wp-content\/uploads\/2025\/10\/10.27.25-Zurich-18x10.webp 18w, https:\/\/luminorecruit.com\/wp-content\/uploads\/2025\/10\/10.27.25-Zurich.webp 1263w\" sizes=\"(max-width: 1024px) 100vw, 1024px\" \/>\t\t\t\t\t\t\t\t\t\t\t\t\t\t\t<\/div>\n\t\t\t\t<\/div>\n\t\t\t\t<div class=\"elementor-element elementor-element-f393e6e elementor-widget elementor-widget-text-editor\" data-id=\"f393e6e\" data-element_type=\"widget\" data-e-type=\"widget\" data-widget_type=\"text-editor.default\">\n\t\t\t\t<div class=\"elementor-widget-container\">\n\t\t\t\t\t\t\t\t\t<p data-start=\"1257\" data-end=\"1457\">Eingef\u00fchrt in <strong data-start=\"1269\" data-end=\"1277\">2023<\/strong>, Z\u00fcri Can erlaubt <strong data-start=\"1295\" data-end=\"1325\">angemeldete erwachsene Einwohner<\/strong> Cannabis legal zu erwerben durch <strong data-start=\"1363\" data-end=\"1383\">zugelassene Verkaufsstellen<\/strong>. Das Pilotprojekt sollte eigentlich 2026 enden, aber dieses Datum wurde auf 2028 verschoben.<\/p><p data-start=\"1257\" data-end=\"1457\">Die Verl\u00e4ngerung um zwei Jahre soll dazu dienen <strong data-start=\"1423\" data-end=\"1451\">l\u00e4ngerfristige Daten sammeln<\/strong> an:<\/p><ul data-start=\"1459\" data-end=\"1624\"><li data-start=\"1459\" data-end=\"1485\"><p data-start=\"1461\" data-end=\"1485\">\u00f6ffentlich <strong>Gesundheit<\/strong> Ergebnisse<\/p><\/li><li data-start=\"1486\" data-end=\"1515\"><p data-start=\"1488\" data-end=\"1515\"><strong>Verbraucherverhalten<\/strong> Trends<\/p><\/li><li data-start=\"1516\" data-end=\"1559\"><p data-start=\"1518\" data-end=\"1559\">die Auswirkungen auf <strong>Schwarzmarkt<\/strong> Verdr\u00e4ngung<\/p><\/li><li data-start=\"1560\" data-end=\"1624\"><p data-start=\"1562\" data-end=\"1624\">und optimal <strong>regulatorische Gestaltung<\/strong> f\u00fcr k\u00fcnftige nationale Rahmenregelungen<\/p><\/li><\/ul>\t\t\t\t\t\t\t\t<\/div>\n\t\t\t\t<\/div>\n\t\t\t\t<div class=\"elementor-element elementor-element-6822bd2 elementor-widget elementor-widget-heading\" data-id=\"6822bd2\" data-element_type=\"widget\" data-e-type=\"widget\" id=\"key-data-so-far\" data-widget_type=\"heading.default\">\n\t\t\t\t<div class=\"elementor-widget-container\">\n\t\t\t\t\t<h3 class=\"elementor-heading-title elementor-size-default\">Bisherige Eckdaten<\/h3>\t\t\t\t<\/div>\n\t\t\t\t<\/div>\n\t\t\t\t<div class=\"elementor-element elementor-element-c88e573 elementor-widget elementor-widget-text-editor\" data-id=\"c88e573\" data-element_type=\"widget\" data-e-type=\"widget\" data-widget_type=\"text-editor.default\">\n\t\t\t\t<div class=\"elementor-widget-container\">\n\t\t\t\t\t\t\t\t\t<p>Die Universit\u00e4t Z\u00fcrich <a href=\"https:\/\/www.zurican.uzh.ch\/de\/Aktuellerstand.html\" target=\"_blank\" rel=\"noopener\">ver\u00f6ffentlichte einen Bericht \u00fcber die Ergebnisse des Pilotprojekts<\/a> bis jetzt, aber in einer Momentaufnahme sah Z\u00fcri Can:<\/p><ul data-start=\"1650\" data-end=\"2101\"><li data-start=\"1650\" data-end=\"1701\"><p data-start=\"1652\" data-end=\"1701\">\u00dcber <a href=\"https:\/\/www.swissinfo.ch\/eng\/various\/city-of-zurich-wants-to-extend-legal-cannabis-dispensary\/90193733#:~:text=Zurich%20City%20Council%20has%20applied,%22Z%C3%BCri%2DCan%22%20project.&amp;text=The%20city%20of%20Zurich%20announced,conduct%20the%20study%20until%202026.\" target=\"_blank\" rel=\"noopener\"><strong data-start=\"1657\" data-end=\"1679\">2.300 Teilnehmer<\/strong><\/a> eingeschrieben<\/p><\/li><li data-start=\"1702\" data-end=\"1749\"><p data-start=\"1704\" data-end=\"1749\">Mehr als <a href=\"https:\/\/www.swissinfo.ch\/eng\/various\/city-of-zurich-wants-to-extend-legal-cannabis-dispensary\/90193733#:~:text=Zurich%20City%20Council%20has%20applied,%22Z%C3%BCri%2DCan%22%20project.&amp;text=The%20city%20of%20Zurich%20announced,conduct%20the%20study%20until%202026.\" target=\"_blank\" rel=\"noopener\"><strong data-start=\"1714\" data-end=\"1737\">88.000 Transaktionen<\/strong><\/a> durchgef\u00fchrt<\/p><\/li><li data-start=\"1750\" data-end=\"1843\"><p data-start=\"1752\" data-end=\"1843\">Rund um <a href=\"https:\/\/www.swissinfo.ch\/eng\/various\/city-of-zurich-wants-to-extend-legal-cannabis-dispensary\/90193733#:~:text=Zurich%20City%20Council%20has%20applied,%22Z%C3%BCri%2DCan%22%20project.&amp;text=The%20city%20of%20Zurich%20announced,conduct%20the%20study%20until%202026.\" target=\"_blank\" rel=\"noopener\"><strong data-start=\"1759\" data-end=\"1781\">750 kg Cannabis<\/strong><\/a> \u00fcber lizenzierte Kan\u00e4le vertrieben<\/p><\/li><li data-start=\"1844\" data-end=\"1945\"><p data-start=\"1846\" data-end=\"1945\">Eine gesch\u00e4tzte <a href=\"https:\/\/www.swissinfo.ch\/eng\/various\/city-of-zurich-wants-to-extend-legal-cannabis-dispensary\/90193733#:~:text=Zurich%20City%20Council%20has%20applied,%22Z%C3%BCri%2DCan%22%20project.&amp;text=The%20city%20of%20Zurich%20announced,conduct%20the%20study%20until%202026.\" target=\"_blank\" rel=\"noopener\"><strong data-start=\"1859\" data-end=\"1878\">7,5 Millionen CHF<\/strong> umgeleitet<\/a> vom illegalen zum regulierten Verkauf<\/p><\/li><li data-start=\"1946\" data-end=\"2101\"><p data-start=\"1948\" data-end=\"2101\"><strong data-start=\"1948\" data-end=\"1956\">78 %<\/strong> der Teilnehmer zeigen <a href=\"https:\/\/cannabis-startups.com\/zurich-extends-cannabis-distribution-until-2028-how-switzerland-is-drying-up-the-black-market\/\" target=\"_blank\" rel=\"noopener\"><strong data-start=\"1978\" data-end=\"2006\">keine Anzeichen einer Konsumst\u00f6rung<\/strong><\/a>, und das durchschnittliche Stressniveau bleibt vergleichbar mit dem der Allgemeinbev\u00f6lkerung<\/p><\/li><\/ul><p data-start=\"2103\" data-end=\"2249\">Nach Ansicht der Z\u00fcricher Beamten sprechen diese Indikatoren f\u00fcr eine Verl\u00e4ngerung des Studienzeitraums, um ein besseres Verst\u00e4ndnis der <strong data-start=\"2207\" data-end=\"2246\">langfristige Auswirkungen auf Gesundheit und Markt<\/strong>.<\/p>\t\t\t\t\t\t\t\t<\/div>\n\t\t\t\t<\/div>\n\t\t\t\t<div class=\"elementor-element elementor-element-97c9a9a elementor-widget elementor-widget-spacer\" data-id=\"97c9a9a\" data-element_type=\"widget\" data-e-type=\"widget\" data-widget_type=\"spacer.default\">\n\t\t\t\t<div class=\"elementor-widget-container\">\n\t\t\t\t\t\t\t<div class=\"elementor-spacer\">\n\t\t\t<div class=\"elementor-spacer-inner\"><\/div>\n\t\t<\/div>\n\t\t\t\t\t\t<\/div>\n\t\t\t\t<\/div>\n\t\t\t\t<div class=\"elementor-element elementor-element-618dc2d elementor-widget elementor-widget-heading\" data-id=\"618dc2d\" data-element_type=\"widget\" data-e-type=\"widget\" id=\"how-zurichs-cannabis-pilot-program-works\" data-widget_type=\"heading.default\">\n\t\t\t\t<div class=\"elementor-widget-container\">\n\t\t\t\t\t<h2 class=\"elementor-heading-title elementor-size-default\">So funktioniert das Z\u00fcrcher Cannabis-Pilotprogramm<\/h2>\t\t\t\t<\/div>\n\t\t\t\t<\/div>\n\t\t\t\t<div class=\"elementor-element elementor-element-a3bfe88 elementor-widget elementor-widget-text-editor\" data-id=\"a3bfe88\" data-element_type=\"widget\" data-e-type=\"widget\" data-widget_type=\"text-editor.default\">\n\t\t\t\t<div class=\"elementor-widget-container\">\n\t\t\t\t\t\t\t\t\t<p data-start=\"2304\" data-end=\"2406\">Die Teilnehmer haben Zugang zu reguliertem Cannabis \u00fcber etwa <a href=\"http:\/\/bag.admin.ch\/en\/zuerican-city-of-zurich\" target=\"_blank\" rel=\"noopener\"><strong data-start=\"2369\" data-end=\"2392\">21 zugelassene Verkaufsstellen<\/strong><\/a>, einschlie\u00dflich:<\/p><ul data-start=\"2408\" data-end=\"2514\"><li data-start=\"2408\" data-end=\"2435\"><p data-start=\"2410\" data-end=\"2435\">10 ausgew\u00e4hlt <strong data-start=\"2419\" data-end=\"2433\">Apotheken<\/strong><\/p><\/li><li data-start=\"2436\" data-end=\"2478\"><p data-start=\"2438\" data-end=\"2478\">die <strong data-start=\"2442\" data-end=\"2476\">das Drogeninformationszentrum (DIZ) der Stadt<\/strong><\/p><\/li><li data-start=\"2479\" data-end=\"2514\"><p data-start=\"2481\" data-end=\"2514\">und 10 <strong data-start=\"2485\" data-end=\"2512\">soziale Vereine ohne Erwerbszweck<\/strong><\/p><\/li><\/ul><p data-start=\"2516\" data-end=\"2733\">Die <a href=\"https:\/\/cannabis-startups.com\/zurich-extends-cannabis-distribution-until-2028-how-switzerland-is-drying-up-the-black-market\/\" target=\"_blank\" rel=\"noopener\"><strong data-start=\"2520\" data-end=\"2541\">Social-Club-Modell<\/strong> besonders erfolgreich war<\/a>, und bietet eine <strong data-start=\"2587\" data-end=\"2628\">sicherere und sozial betreute Umgebung<\/strong> f\u00fcr den Cannabiskonsum. Mehr als die H\u00e4lfte aller Teilnehmer nutzen nach eigenen Angaben diese Einrichtungen.<\/p><p data-start=\"2735\" data-end=\"3000\">Unter <strong data-start=\"2738\" data-end=\"2751\">Juli 2025<\/strong>, genehmigte das Bundesamt f\u00fcr Gesundheit (BAG) die Anhebung der Teilnehmerobergrenze von <strong data-start=\"2804\" data-end=\"2822\">2.100 bis 3.000<\/strong>, die sich an Gelegenheitsnutzer richten und <strong data-start=\"2855\" data-end=\"2897\">unterrepr\u00e4sentierte Gruppen wie z. B. Frauen<\/strong>. Die<a href=\"https:\/\/www.leafie.co.uk\/news\/zurich-extends-legal-cannabis-pilot-2028\/\" target=\"_blank\" rel=\"noopener\"> Die Stadt hat etwa <strong data-start=\"2935\" data-end=\"2950\">CHF 800.000 (\u20ac864.000)<\/strong><\/a> f\u00fcr die vorgeschlagene zweij\u00e4hrige Verl\u00e4ngerung.<\/p>\t\t\t\t\t\t\t\t<\/div>\n\t\t\t\t<\/div>\n\t\t\t\t<div class=\"elementor-element elementor-element-1073fcf elementor-widget elementor-widget-spacer\" data-id=\"1073fcf\" data-element_type=\"widget\" data-e-type=\"widget\" data-widget_type=\"spacer.default\">\n\t\t\t\t<div class=\"elementor-widget-container\">\n\t\t\t\t\t\t\t<div class=\"elementor-spacer\">\n\t\t\t<div class=\"elementor-spacer-inner\"><\/div>\n\t\t<\/div>\n\t\t\t\t\t\t<\/div>\n\t\t\t\t<\/div>\n\t\t\t\t<div class=\"elementor-element elementor-element-c26a194 elementor-widget elementor-widget-image\" data-id=\"c26a194\" data-element_type=\"widget\" data-e-type=\"widget\" data-widget_type=\"image.default\">\n\t\t\t\t<div class=\"elementor-widget-container\">\n\t\t\t\t\t\t\t\t\t\t\t\t\t\t\t<img decoding=\"async\" width=\"768\" height=\"883\" src=\"https:\/\/luminorecruit.com\/wp-content\/uploads\/2025\/10\/10.27.25-ZuriCan-offered-cannabis-products-768x883.webp\" class=\"attachment-medium_large size-medium_large wp-image-3215\" alt=\"Cannabisprodukte, die unter dem Namen ZuriCan im Cannabis-Pilotprojekt in Z\u00fcrich, Schweiz&#039;verkauft werden\" srcset=\"https:\/\/luminorecruit.com\/wp-content\/uploads\/2025\/10\/10.27.25-ZuriCan-offered-cannabis-products-768x883.webp 768w, https:\/\/luminorecruit.com\/wp-content\/uploads\/2025\/10\/10.27.25-ZuriCan-offered-cannabis-products-261x300.webp 261w, https:\/\/luminorecruit.com\/wp-content\/uploads\/2025\/10\/10.27.25-ZuriCan-offered-cannabis-products-890x1024.webp 890w, https:\/\/luminorecruit.com\/wp-content\/uploads\/2025\/10\/10.27.25-ZuriCan-offered-cannabis-products-1336x1536.webp 1336w, https:\/\/luminorecruit.com\/wp-content\/uploads\/2025\/10\/10.27.25-ZuriCan-offered-cannabis-products-1781x2048.webp 1781w, https:\/\/luminorecruit.com\/wp-content\/uploads\/2025\/10\/10.27.25-ZuriCan-offered-cannabis-products-10x12.webp 10w, https:\/\/luminorecruit.com\/wp-content\/uploads\/2025\/10\/10.27.25-ZuriCan-offered-cannabis-products.webp 2000w\" sizes=\"(max-width: 768px) 100vw, 768px\" \/>\t\t\t\t\t\t\t\t\t\t\t\t\t\t\t<\/div>\n\t\t\t\t<\/div>\n\t\t\t\t<div class=\"elementor-element elementor-element-d0c1c8f elementor-widget elementor-widget-text-editor\" data-id=\"d0c1c8f\" data-element_type=\"widget\" data-e-type=\"widget\" data-widget_type=\"text-editor.default\">\n\t\t\t\t<div class=\"elementor-widget-container\">\n\t\t\t\t\t\t\t\t\t<p><em>Informationsquelle: <a href=\"https:\/\/www.zurican.uzh.ch\/de\/Aktuellerstand.html\" target=\"_blank\" rel=\"noopener\">Universit\u00e4t Z\u00fcrich (UZH)<\/a>\u00a0<\/em><\/p>\t\t\t\t\t\t\t\t<\/div>\n\t\t\t\t<\/div>\n\t\t\t\t<div class=\"elementor-element elementor-element-5fb6b57 elementor-widget elementor-widget-spacer\" data-id=\"5fb6b57\" data-element_type=\"widget\" data-e-type=\"widget\" data-widget_type=\"spacer.default\">\n\t\t\t\t<div class=\"elementor-widget-container\">\n\t\t\t\t\t\t\t<div class=\"elementor-spacer\">\n\t\t\t<div class=\"elementor-spacer-inner\"><\/div>\n\t\t<\/div>\n\t\t\t\t\t\t<\/div>\n\t\t\t\t<\/div>\n\t\t\t\t<div class=\"elementor-element elementor-element-7bb08c4 elementor-widget elementor-widget-heading\" data-id=\"7bb08c4\" data-element_type=\"widget\" data-e-type=\"widget\" id=\"zuri-cans-broader-implications-for-europes-cannabis-policy\" data-widget_type=\"heading.default\">\n\t\t\t\t<div class=\"elementor-widget-container\">\n\t\t\t\t\t<h2 class=\"elementor-heading-title elementor-size-default\">Z\u00fcri Cans weitere Auswirkungen auf die europ\u00e4ische Cannabispolitik<\/h2>\t\t\t\t<\/div>\n\t\t\t\t<\/div>\n\t\t\t\t<div class=\"elementor-element elementor-element-982109e elementor-widget elementor-widget-text-editor\" data-id=\"982109e\" data-element_type=\"widget\" data-e-type=\"widget\" data-widget_type=\"text-editor.default\">\n\t\t\t\t<div class=\"elementor-widget-container\">\n\t\t\t\t\t\t\t\t\t<p data-start=\"3066\" data-end=\"3294\">Das Z\u00fcrcher Pilotprojekt f\u00fcgt sich in ein breiteres Netz von Schweizer Forschungsprogrammen ein, die <strong data-start=\"3148\" data-end=\"3191\">regulierter Rahmen f\u00fcr Cannabis f\u00fcr Erwachsene<\/strong>. Gemeinsam positionieren sie die Schweiz als <strong data-start=\"3234\" data-end=\"3291\">Europ\u00e4ischer Vorreiter bei der evidenzbasierten Regulierung von Cannabis<\/strong>.<\/p><p data-start=\"3296\" data-end=\"3407\">F\u00fcr politische Entscheidungstr\u00e4ger, Forscher und Interessenvertreter aus der Industrie bietet die Z\u00fcricher Erweiterung wertvolle Einblicke in:<\/p><ul data-start=\"3409\" data-end=\"3677\"><li data-start=\"3409\" data-end=\"3464\"><p data-start=\"3411\" data-end=\"3464\">Die messbare Verringerung der Schwarzmarktabh\u00e4ngigkeit<\/p><\/li><li data-start=\"3465\" data-end=\"3534\"><p data-start=\"3467\" data-end=\"3534\">Konsumh\u00e4ufigkeit und demografische Muster bei legalem Zugang<\/p><\/li><li data-start=\"3535\" data-end=\"3598\"><p data-start=\"3537\" data-end=\"3598\">Tragf\u00e4hige Modelle f\u00fcr <strong data-start=\"3555\" data-end=\"3571\">soziale Vereine<\/strong> und <strong data-start=\"3576\" data-end=\"3596\">regulierter Einzelhandel<\/strong><\/p><\/li><li data-start=\"3599\" data-end=\"3677\"><p data-start=\"3601\" data-end=\"3677\">Die Rolle der <strong data-start=\"3613\" data-end=\"3638\">wissenschaftliche Bewertung<\/strong> bei der Gestaltung von nachhaltigen Cannabisgesetzen<\/p><\/li><\/ul><p data-start=\"3679\" data-end=\"3882\">Diese Erkenntnisse werden wahrscheinlich die regulatorischen Entwicklungen in <strong data-start=\"3743\" data-end=\"3805\">Deutschland, die Niederlande und andere europ\u00e4ische Gerichtsbarkeiten<\/strong> \u00e4hnliche faktengest\u00fctzte Ans\u00e4tze zu erforschen.<\/p>\t\t\t\t\t\t\t\t<\/div>\n\t\t\t\t<\/div>\n\t\t\t\t<div class=\"elementor-element elementor-element-a1e39b6 elementor-widget elementor-widget-spacer\" data-id=\"a1e39b6\" data-element_type=\"widget\" data-e-type=\"widget\" data-widget_type=\"spacer.default\">\n\t\t\t\t<div class=\"elementor-widget-container\">\n\t\t\t\t\t\t\t<div class=\"elementor-spacer\">\n\t\t\t<div class=\"elementor-spacer-inner\"><\/div>\n\t\t<\/div>\n\t\t\t\t\t\t<\/div>\n\t\t\t\t<\/div>\n\t\t\t\t<div class=\"elementor-element elementor-element-773bf94 elementor-widget elementor-widget-heading\" data-id=\"773bf94\" data-element_type=\"widget\" data-e-type=\"widget\" id=\"why-extend-the-pilot-and-not-just-fully-legalise-adult-use-entirely\" data-widget_type=\"heading.default\">\n\t\t\t\t<div class=\"elementor-widget-container\">\n\t\t\t\t\t<h2 class=\"elementor-heading-title elementor-size-default\">Warum sollte man das Pilotprojekt verl\u00e4ngern und nicht einfach den Gebrauch f\u00fcr Erwachsene vollst\u00e4ndig legalisieren?<\/h2>\t\t\t\t<\/div>\n\t\t\t\t<\/div>\n\t\t\t\t<div class=\"elementor-element elementor-element-4c34a4a elementor-widget elementor-widget-text-editor\" data-id=\"4c34a4a\" data-element_type=\"widget\" data-e-type=\"widget\" data-widget_type=\"text-editor.default\">\n\t\t\t\t<div class=\"elementor-widget-container\">\n\t\t\t\t\t\t\t\t\t<p>Manche m\u00f6gen sich fragen: <em>\u201cWenn das Pilotprojekt bisher gute Ergebnisse erzielt hat, warum dr\u00e4ngen sie dann nicht auf eine Legalisierung?\u201d <br \/><\/em>Oder schlimmer noch, sie h\u00e4tten den Gebrauch f\u00fcr Erwachsene nach dem Stichtag 2026 einfach ganz einstellen k\u00f6nnen.<\/p><p>Nun, dies bringt auf den Punkt, wie die Schweizer Politik (und die Reform der Cannabispolitik im Allgemeinen) zu funktionieren pflegt: vorsichtig, empirisch und mit politischem Konsens statt mit k\u00fchnen Spr\u00fcngen.<\/p><p>Das sind die wichtigsten Gr\u00fcnde:<\/p>\t\t\t\t\t\t\t\t<\/div>\n\t\t\t\t<\/div>\n\t\t\t\t<div class=\"elementor-element elementor-element-2fc31ca elementor-widget elementor-widget-spacer\" data-id=\"2fc31ca\" data-element_type=\"widget\" data-e-type=\"widget\" data-widget_type=\"spacer.default\">\n\t\t\t\t<div class=\"elementor-widget-container\">\n\t\t\t\t\t\t\t<div class=\"elementor-spacer\">\n\t\t\t<div class=\"elementor-spacer-inner\"><\/div>\n\t\t<\/div>\n\t\t\t\t\t\t<\/div>\n\t\t\t\t<\/div>\n\t\t\t\t<div class=\"elementor-element elementor-element-85c3a5f elementor-widget elementor-widget-heading\" data-id=\"85c3a5f\" data-element_type=\"widget\" data-e-type=\"widget\" id=\"1-the-swiss-legal-framework-still-doesnt-allow-full-legislation\" data-widget_type=\"heading.default\">\n\t\t\t\t<div class=\"elementor-widget-container\">\n\t\t\t\t\t<h3 class=\"elementor-heading-title elementor-size-default\">1. Der Schweizer Rechtsrahmen erlaubt noch keine vollst\u00e4ndige Legalisierung<\/h3>\t\t\t\t<\/div>\n\t\t\t\t<\/div>\n\t\t\t\t<div class=\"elementor-element elementor-element-120a964 elementor-widget elementor-widget-text-editor\" data-id=\"120a964\" data-element_type=\"widget\" data-e-type=\"widget\" data-widget_type=\"text-editor.default\">\n\t\t\t\t<div class=\"elementor-widget-container\">\n\t\t\t\t\t\t\t\t\t<p data-start=\"440\" data-end=\"819\">Auch wenn die Ergebnisse positiv sind, <strong data-start=\"470\" data-end=\"542\">der Pilot arbeitet im Rahmen einer Ausnahmeregelung des Bet\u00e4ubungsmittelgesetzes (Federal Narcotics Act)<\/strong>, die vom Bundesamt f\u00fcr Gesundheit (BAG) erteilt wurde.<br data-start=\"598\" data-end=\"601\" \/>Das Schweizer Parlament hat das nationale Recht noch nicht ge\u00e4ndert, um Cannabis zu legalisieren - nur um <em data-start=\"689\" data-end=\"715\">wissenschaftliche Studien erm\u00f6glichen<\/em>. Z\u00fcrich kann also nicht einseitig den Konsum f\u00fcr Erwachsene legalisieren; es kann seine Studie nur mit der Zustimmung des Bundes erweitern.<\/p><p data-start=\"821\" data-end=\"894\"><strong data-start=\"821\" data-end=\"834\">Kurz gesagt:<\/strong> Solange sich die nationale Gesetzgebung nicht \u00e4ndert, sind der Z\u00fcrich die H\u00e4nde gebunden.<\/p>\t\t\t\t\t\t\t\t<\/div>\n\t\t\t\t<\/div>\n\t\t\t\t<div class=\"elementor-element elementor-element-bbcda11 elementor-widget elementor-widget-spacer\" data-id=\"bbcda11\" data-element_type=\"widget\" data-e-type=\"widget\" data-widget_type=\"spacer.default\">\n\t\t\t\t<div class=\"elementor-widget-container\">\n\t\t\t\t\t\t\t<div class=\"elementor-spacer\">\n\t\t\t<div class=\"elementor-spacer-inner\"><\/div>\n\t\t<\/div>\n\t\t\t\t\t\t<\/div>\n\t\t\t\t<\/div>\n\t\t\t\t<div class=\"elementor-element elementor-element-e887f7c elementor-widget elementor-widget-heading\" data-id=\"e887f7c\" data-element_type=\"widget\" data-e-type=\"widget\" id=\"2-the-extension-allows-for-long-term-data\" data-widget_type=\"heading.default\">\n\t\t\t\t<div class=\"elementor-widget-container\">\n\t\t\t\t\t<h3 class=\"elementor-heading-title elementor-size-default\">2. Die Erweiterung erm\u00f6glicht langfristige Daten<\/h3>\t\t\t\t<\/div>\n\t\t\t\t<\/div>\n\t\t\t\t<div class=\"elementor-element elementor-element-298166e elementor-widget elementor-widget-text-editor\" data-id=\"298166e\" data-element_type=\"widget\" data-e-type=\"widget\" data-widget_type=\"text-editor.default\">\n\t\t\t\t<div class=\"elementor-widget-container\">\n\t\t\t\t\t\t\t\t\t<p data-start=\"952\" data-end=\"1212\">Die Regulierung von Cannabis ist mit einer komplexen sozialen und gesundheitlichen Dynamik verbunden - Konsummuster, Schwarzmarktverdr\u00e4ngung, \u00f6ffentliche Gesundheit, psychische Gesundheit, Jugendkonsum, Auswirkungen auf den Arbeitsplatz usw.<br data-start=\"1136\" data-end=\"1139\" \/>Die Daten von zwei Jahren reichen nicht aus, um diese sinnvoll zu bewerten.<\/p><p data-start=\"1214\" data-end=\"1266\">Durch die Ausweitung des Pilotprojekts auf <strong data-start=\"1240\" data-end=\"1248\">2028<\/strong>, k\u00f6nnen Forscher:<\/p><ul data-start=\"1267\" data-end=\"1586\"><li data-start=\"1267\" data-end=\"1384\"><p data-start=\"1269\" data-end=\"1384\">Monitor <strong data-start=\"1277\" data-end=\"1301\">Langzeiteffekte<\/strong> auf die Teilnehmer (z. B. Konsumh\u00e4ufigkeit, Gesundheitsergebnisse, soziale Integration);<\/p><\/li><li data-start=\"1385\" data-end=\"1479\"><p data-start=\"1387\" data-end=\"1479\">Spur <strong data-start=\"1393\" data-end=\"1413\">Marktentwicklung<\/strong> (z. B. Preisparit\u00e4t mit dem illegalen Markt, Produktpr\u00e4ferenzen);<\/p><\/li><li data-start=\"1480\" data-end=\"1586\"><p data-start=\"1482\" data-end=\"1586\">Vergleich der Ergebnisse zwischen <strong data-start=\"1506\" data-end=\"1532\">verschiedene Schweizer St\u00e4dte<\/strong> die \u00e4hnliche Pilotprojekte durchf\u00fchren (Basel, Bern, Lausanne, usw.).<\/p><\/li><\/ul><p data-start=\"1588\" data-end=\"1678\"><strong data-start=\"1588\" data-end=\"1603\">Im Grunde genommen:<\/strong> Die politischen Entscheidungstr\u00e4ger wollen solide, mehrj\u00e4hrige Beweise, bevor sie Bundesgesetze \u00e4ndern. Das ist insgesamt gesehen ein gutes Zeichen.<\/p>\t\t\t\t\t\t\t\t<\/div>\n\t\t\t\t<\/div>\n\t\t\t\t<div class=\"elementor-element elementor-element-1afb606 elementor-widget elementor-widget-spacer\" data-id=\"1afb606\" data-element_type=\"widget\" data-e-type=\"widget\" data-widget_type=\"spacer.default\">\n\t\t\t\t<div class=\"elementor-widget-container\">\n\t\t\t\t\t\t\t<div class=\"elementor-spacer\">\n\t\t\t<div class=\"elementor-spacer-inner\"><\/div>\n\t\t<\/div>\n\t\t\t\t\t\t<\/div>\n\t\t\t\t<\/div>\n\t\t\t\t<div class=\"elementor-element elementor-element-ced9012 elementor-widget elementor-widget-heading\" data-id=\"ced9012\" data-element_type=\"widget\" data-e-type=\"widget\" id=\"3-political-caution-and-swiss-consensus-culture\" data-widget_type=\"heading.default\">\n\t\t\t\t<div class=\"elementor-widget-container\">\n\t\t\t\t\t<h3 class=\"elementor-heading-title elementor-size-default\">3. Politische Vorsicht und Schweizer Konsenskultur<\/h3>\t\t\t\t<\/div>\n\t\t\t\t<\/div>\n\t\t\t\t<div class=\"elementor-element elementor-element-5d8888e elementor-widget elementor-widget-text-editor\" data-id=\"5d8888e\" data-element_type=\"widget\" data-e-type=\"widget\" data-widget_type=\"text-editor.default\">\n\t\t\t\t<div class=\"elementor-widget-container\">\n\t\t\t\t\t\t\t\t\t<p data-start=\"1742\" data-end=\"2021\">Die direkte Demokratie und das f\u00f6derale System der Schweiz bedeuten, dass politische Ver\u00e4nderungen langsam und bewusst erfolgen.<br data-start=\"1842\" data-end=\"1845\" \/>Die Ausweitung von Piloten hilft beim Aufbau <strong data-start=\"1874\" data-end=\"1895\">\u00f6ffentliches Vertrauen<\/strong> und <strong data-start=\"1900\" data-end=\"1923\">politischer Konsens<\/strong>, Dadurch wird sichergestellt, dass eine eventuelle Legalisierung k\u00fcnftigen Volksabstimmungen oder politischem Druck standhalten wird.<\/p><p data-start=\"2023\" data-end=\"2130\">Bei einer Legalisierung ohne umfassende Daten besteht die Gefahr, dass dieses Vertrauen verloren geht, wenn sich sp\u00e4ter negative Auswirkungen zeigen.<\/p>\t\t\t\t\t\t\t\t<\/div>\n\t\t\t\t<\/div>\n\t\t\t\t<div class=\"elementor-element elementor-element-b233b0c elementor-widget elementor-widget-spacer\" data-id=\"b233b0c\" data-element_type=\"widget\" data-e-type=\"widget\" data-widget_type=\"spacer.default\">\n\t\t\t\t<div class=\"elementor-widget-container\">\n\t\t\t\t\t\t\t<div class=\"elementor-spacer\">\n\t\t\t<div class=\"elementor-spacer-inner\"><\/div>\n\t\t<\/div>\n\t\t\t\t\t\t<\/div>\n\t\t\t\t<\/div>\n\t\t\t\t<div class=\"elementor-element elementor-element-e60c72a elementor-widget elementor-widget-heading\" data-id=\"e60c72a\" data-element_type=\"widget\" data-e-type=\"widget\" id=\"4-legislation-will-likely-come-federally-not-city-by-city\" data-widget_type=\"heading.default\">\n\t\t\t\t<div class=\"elementor-widget-container\">\n\t\t\t\t\t<h3 class=\"elementor-heading-title elementor-size-default\">4. Die Legalisierung wird wahrscheinlich auf Bundesebene erfolgen, nicht von Stadt zu Stadt<\/h3>\t\t\t\t<\/div>\n\t\t\t\t<\/div>\n\t\t\t\t<div class=\"elementor-element elementor-element-55fb46f elementor-widget elementor-widget-text-editor\" data-id=\"55fb46f\" data-element_type=\"widget\" data-e-type=\"widget\" data-widget_type=\"text-editor.default\">\n\t\t\t\t<div class=\"elementor-widget-container\">\n\t\t\t\t\t\t\t\t\t<p data-start=\"2208\" data-end=\"2499\">Z\u00fcrich kann Cannabis f\u00fcr Erwachsene nicht im Alleingang legalisieren - selbst wenn es das wollte.<br data-start=\"2285\" data-end=\"2288\" \/>Die nationalen Gesetzgeber (und das BAG) haben ihr Interesse an einem <strong data-start=\"2351\" data-end=\"2402\">F\u00f6deraler Rahmen auf der Grundlage der Pilotergebnisse<\/strong>, Sie werden aber erst dann Gesetze erlassen, wenn die Daten ausgereift sind und die Pilotprojekte vollst\u00e4ndig ausgewertet wurden.<\/p><p data-start=\"2501\" data-end=\"2541\">Diese Verl\u00e4ngerung verschafft also wahrscheinlich Zeit:<\/p><ul data-start=\"2542\" data-end=\"2671\"><li data-start=\"2542\" data-end=\"2599\"><p data-start=\"2544\" data-end=\"2599\">A <strong data-start=\"2546\" data-end=\"2575\">Evaluierungsbericht des Bundes<\/strong> (voraussichtlich um 2027);<\/p><\/li><li data-start=\"2600\" data-end=\"2671\"><p data-start=\"2602\" data-end=\"2671\">A <strong data-start=\"2604\" data-end=\"2628\">Parlamentsdebatte<\/strong> \u00fcber eine dauerhafte gesetzliche Regelung (2027-2028).<\/p><\/li><\/ul>\t\t\t\t\t\t\t\t<\/div>\n\t\t\t\t<\/div>\n\t\t\t\t<div class=\"elementor-element elementor-element-12ef2a6 elementor-widget elementor-widget-heading\" data-id=\"12ef2a6\" data-element_type=\"widget\" data-e-type=\"widget\" id=\"5-pragmatic-recognition-of-ongoing-demand\" data-widget_type=\"heading.default\">\n\t\t\t\t<div class=\"elementor-widget-container\">\n\t\t\t\t\t<h3 class=\"elementor-heading-title elementor-size-default\">5. Pragmatische Anerkennung des laufenden Bedarfs<\/h3>\t\t\t\t<\/div>\n\t\t\t\t<\/div>\n\t\t\t\t<div class=\"elementor-element elementor-element-df99fe2 elementor-widget elementor-widget-text-editor\" data-id=\"df99fe2\" data-element_type=\"widget\" data-e-type=\"widget\" data-widget_type=\"text-editor.default\">\n\t\t\t\t<div class=\"elementor-widget-container\">\n\t\t\t\t\t\t\t\t\t<p data-start=\"2208\" data-end=\"2499\">Schliesslich weiss man in Z\u00fcrich, dass es keinen Sinn macht, ein funktionierendes und gut angenommenes System abzuschalten - vor allem, wenn es den Schwarzmarkt eind\u00e4mmt und den sicheren Gebrauch f\u00f6rdert.<br data-start=\"2896\" data-end=\"2899\" \/>Durch die Verl\u00e4ngerung des Pilotprojekts wird vermieden, dass die Teilnehmer in den illegalen Markt zur\u00fcckgedr\u00e4ngt werden, w\u00e4hrend sie auf die Reform auf Bundesebene warten.<\/p>\t\t\t\t\t\t\t\t<\/div>\n\t\t\t\t<\/div>\n\t\t\t\t<div class=\"elementor-element elementor-element-56e52be elementor-widget elementor-widget-spacer\" data-id=\"56e52be\" data-element_type=\"widget\" data-e-type=\"widget\" data-widget_type=\"spacer.default\">\n\t\t\t\t<div class=\"elementor-widget-container\">\n\t\t\t\t\t\t\t<div class=\"elementor-spacer\">\n\t\t\t<div class=\"elementor-spacer-inner\"><\/div>\n\t\t<\/div>\n\t\t\t\t\t\t<\/div>\n\t\t\t\t<\/div>\n\t\t\t\t<div class=\"elementor-element elementor-element-0283f09 elementor-widget-divider--separator-type-pattern elementor-widget-divider--no-spacing elementor-widget-divider--view-line elementor-widget elementor-widget-divider\" data-id=\"0283f09\" data-element_type=\"widget\" data-e-type=\"widget\" data-widget_type=\"divider.default\">\n\t\t\t\t<div class=\"elementor-widget-container\">\n\t\t\t\t\t\t\t<div class=\"elementor-divider\" style=\"--divider-pattern-url: url(&quot;data:image\/svg+xml,%3Csvg xmlns=&#039;http:\/\/www.w3.org\/2000\/svg&#039; preserveAspectRatio=&#039;xMidYMid meet&#039; overflow=&#039;visible&#039; height=&#039;100%&#039; viewBox=&#039;0 0 126 26&#039; fill=&#039;black&#039; stroke=&#039;none&#039;%3E%3Cpath d=&#039;M3,10.2c2.6,0,2.6,2,2.6,3.2S4.4,16.5,3,16.5s-3-1.4-3-3.2S0.4,10.2,3,10.2z M18.8,10.2c1.7,0,3.2,1.4,3.2,3.2s-1.4,3.2-3.2,3.2c-1.7,0-3.2-1.4-3.2-3.2S17,10.2,18.8,10.2z M34.6,10.2c1.5,0,2.6,1.4,2.6,3.2s-0.5,3.2-1.9,3.2c-1.5,0-3.4-1.4-3.4-3.2S33.1,10.2,34.6,10.2z M50.5,10.2c1.7,0,3.2,1.4,3.2,3.2s-1.4,3.2-3.2,3.2c-1.7,0-3.3-0.9-3.3-2.6S48.7,10.2,50.5,10.2z M66.2,10.2c1.5,0,3.4,1.4,3.4,3.2s-1.9,3.2-3.4,3.2c-1.5,0-2.6-0.4-2.6-2.1S64.8,10.2,66.2,10.2z M82.2,10.2c1.7,0.8,2.6,1.4,2.6,3.2s-0.1,3.2-1.6,3.2c-1.5,0-3.7-1.4-3.7-3.2S80.5,9.4,82.2,10.2zM98.6,10.2c1.5,0,2.6,0.4,2.6,2.1s-1.2,4.2-2.6,4.2c-1.5,0-3.7-0.4-3.7-2.1S97.1,10.2,98.6,10.2z M113.4,10.2c1.2,0,2.2,0.9,2.2,3.2s-0.1,3.2-1.3,3.2s-3.1-1.4-3.1-3.2S112.2,10.2,113.4,10.2z&#039;\/%3E%3C\/svg%3E&quot;);\">\n\t\t\t<span class=\"elementor-divider-separator\">\n\t\t\t\t\t\t<\/span>\n\t\t<\/div>\n\t\t\t\t\t\t<\/div>\n\t\t\t\t<\/div>\n\t\t\t\t<div class=\"elementor-element elementor-element-2116dfd elementor-widget elementor-widget-spacer\" data-id=\"2116dfd\" data-element_type=\"widget\" data-e-type=\"widget\" data-widget_type=\"spacer.default\">\n\t\t\t\t<div class=\"elementor-widget-container\">\n\t\t\t\t\t\t\t<div class=\"elementor-spacer\">\n\t\t\t<div class=\"elementor-spacer-inner\"><\/div>\n\t\t<\/div>\n\t\t\t\t\t\t<\/div>\n\t\t\t\t<\/div>\n\t\t\t\t<div class=\"elementor-element elementor-element-b4a0cf2 elementor-widget elementor-widget-heading\" data-id=\"b4a0cf2\" data-element_type=\"widget\" data-e-type=\"widget\" id=\"conclusion\" data-widget_type=\"heading.default\">\n\t\t\t\t<div class=\"elementor-widget-container\">\n\t\t\t\t\t<h2 class=\"elementor-heading-title elementor-size-default\">Schlussfolgerung<\/h2>\t\t\t\t<\/div>\n\t\t\t\t<\/div>\n\t\t\t\t<div class=\"elementor-element elementor-element-a83ca3d elementor-widget elementor-widget-text-editor\" data-id=\"a83ca3d\" data-element_type=\"widget\" data-e-type=\"widget\" data-widget_type=\"text-editor.default\">\n\t\t\t\t<div class=\"elementor-widget-container\">\n\t\t\t\t\t\t\t\t\t<p data-start=\"4275\" data-end=\"4446\">Die Entscheidung der Stadt Z\u00fcrich, ihre <strong data-start=\"4307\" data-end=\"4346\">Cannabis-Pilotprogramm bis 2028<\/strong> markiert eine <strong data-start=\"4355\" data-end=\"4403\">strategischer Schritt in Richtung datengesteuerte Regulierung<\/strong> in der sich entwickelnden Cannabislandschaft in Europa.<\/p><p data-start=\"4448\" data-end=\"4782\">Mit der Ausweitung der Z\u00fcri-Can-Studie will die Stadt das Verst\u00e4ndnis daf\u00fcr vertiefen, wie ein geregelter Zugang die <strong data-start=\"4554\" data-end=\"4614\">\u00f6ffentliche Gesundheit, Konsumverhalten und Marktdynamik<\/strong>. F\u00fcr Forscher, politische Entscheidungstr\u00e4ger und Fachleute aus der Wirtschaft ist Z\u00fcrich nach wie vor ein <strong data-start=\"4706\" data-end=\"4731\">Reallabor<\/strong> f\u00fcr eine verantwortungsvolle, evidenzbasierte Cannabisreform.<\/p>\t\t\t\t\t\t\t\t<\/div>\n\t\t\t\t<\/div>\n\t\t\t\t<div class=\"elementor-element elementor-element-08406a2 elementor-widget elementor-widget-spacer\" data-id=\"08406a2\" data-element_type=\"widget\" data-e-type=\"widget\" data-widget_type=\"spacer.default\">\n\t\t\t\t<div class=\"elementor-widget-container\">\n\t\t\t\t\t\t\t<div class=\"elementor-spacer\">\n\t\t\t<div class=\"elementor-spacer-inner\"><\/div>\n\t\t<\/div>\n\t\t\t\t\t\t<\/div>\n\t\t\t\t<\/div>\n\t\t\t\t<div class=\"elementor-element elementor-element-7eb143e elementor-widget-divider--separator-type-pattern elementor-widget-divider--no-spacing elementor-widget-divider--view-line elementor-widget elementor-widget-divider\" data-id=\"7eb143e\" data-element_type=\"widget\" data-e-type=\"widget\" data-widget_type=\"divider.default\">\n\t\t\t\t<div class=\"elementor-widget-container\">\n\t\t\t\t\t\t\t<div class=\"elementor-divider\" style=\"--divider-pattern-url: url(&quot;data:image\/svg+xml,%3Csvg xmlns=&#039;http:\/\/www.w3.org\/2000\/svg&#039; preserveAspectRatio=&#039;xMidYMid meet&#039; overflow=&#039;visible&#039; height=&#039;100%&#039; viewBox=&#039;0 0 126 26&#039; fill=&#039;black&#039; stroke=&#039;none&#039;%3E%3Cpath d=&#039;M3,10.2c2.6,0,2.6,2,2.6,3.2S4.4,16.5,3,16.5s-3-1.4-3-3.2S0.4,10.2,3,10.2z M18.8,10.2c1.7,0,3.2,1.4,3.2,3.2s-1.4,3.2-3.2,3.2c-1.7,0-3.2-1.4-3.2-3.2S17,10.2,18.8,10.2z M34.6,10.2c1.5,0,2.6,1.4,2.6,3.2s-0.5,3.2-1.9,3.2c-1.5,0-3.4-1.4-3.4-3.2S33.1,10.2,34.6,10.2z M50.5,10.2c1.7,0,3.2,1.4,3.2,3.2s-1.4,3.2-3.2,3.2c-1.7,0-3.3-0.9-3.3-2.6S48.7,10.2,50.5,10.2z M66.2,10.2c1.5,0,3.4,1.4,3.4,3.2s-1.9,3.2-3.4,3.2c-1.5,0-2.6-0.4-2.6-2.1S64.8,10.2,66.2,10.2z M82.2,10.2c1.7,0.8,2.6,1.4,2.6,3.2s-0.1,3.2-1.6,3.2c-1.5,0-3.7-1.4-3.7-3.2S80.5,9.4,82.2,10.2zM98.6,10.2c1.5,0,2.6,0.4,2.6,2.1s-1.2,4.2-2.6,4.2c-1.5,0-3.7-0.4-3.7-2.1S97.1,10.2,98.6,10.2z M113.4,10.2c1.2,0,2.2,0.9,2.2,3.2s-0.1,3.2-1.3,3.2s-3.1-1.4-3.1-3.2S112.2,10.2,113.4,10.2z&#039;\/%3E%3C\/svg%3E&quot;);\">\n\t\t\t<span class=\"elementor-divider-separator\">\n\t\t\t\t\t\t<\/span>\n\t\t<\/div>\n\t\t\t\t\t\t<\/div>\n\t\t\t\t<\/div>\n\t\t\t\t<div class=\"elementor-element elementor-element-d20d7cf elementor-widget elementor-widget-spacer\" data-id=\"d20d7cf\" data-element_type=\"widget\" data-e-type=\"widget\" data-widget_type=\"spacer.default\">\n\t\t\t\t<div class=\"elementor-widget-container\">\n\t\t\t\t\t\t\t<div class=\"elementor-spacer\">\n\t\t\t<div class=\"elementor-spacer-inner\"><\/div>\n\t\t<\/div>\n\t\t\t\t\t\t<\/div>\n\t\t\t\t<\/div>\n\t\t\t\t<div class=\"elementor-element elementor-element-bdce8aa elementor-widget elementor-widget-heading\" data-id=\"bdce8aa\" data-element_type=\"widget\" data-e-type=\"widget\" data-widget_type=\"heading.default\">\n\t\t\t\t<div class=\"elementor-widget-container\">\n\t\t\t\t\t<h5 class=\"elementor-heading-title elementor-size-default\">Referenzen (Prim\u00e4rquellen)<\/h5>\t\t\t\t<\/div>\n\t\t\t\t<\/div>\n\t\t\t\t<div class=\"elementor-element elementor-element-5d52a4c elementor-widget elementor-widget-text-editor\" data-id=\"5d52a4c\" data-element_type=\"widget\" data-e-type=\"widget\" data-widget_type=\"text-editor.default\">\n\t\t\t\t<div class=\"elementor-widget-container\">\n\t\t\t\t\t\t\t\t\t<ol data-start=\"4827\" data-end=\"5805\"><li data-start=\"4827\" data-end=\"5006\"><p data-start=\"4830\" data-end=\"5006\"><a class=\"decorated-link\" href=\"https:\/\/www.swissinfo.ch\/eng\/various\/city-of-zurich-wants-to-extend-legal-cannabis-dispensary\/90193733\" target=\"_new\" rel=\"noopener\" data-start=\"4830\" data-end=\"5004\"><strong>Swissinfo<\/strong> - Stadt Z\u00fcrich will legale Cannabisabgabestelle ausbauen<\/a><\/p><\/li><li data-start=\"5007\" data-end=\"5210\"><p data-start=\"5010\" data-end=\"5210\"><a class=\"decorated-link\" href=\"https:\/\/internationalcbc.com\/zurich-applies-to-extend-legal-cannabis-dispensary-study\/\" target=\"_new\" rel=\"noopener\" data-start=\"5010\" data-end=\"5208\"><strong>Internationale Cannabis Business Konferenz (ICBC)<\/strong> - Z\u00fcrich beantragt die Ausweitung der Studie \u00fcber legale Cannabisabgabestellen<\/a><\/p><\/li><li data-start=\"5211\" data-end=\"5354\"><p data-start=\"5214\" data-end=\"5354\"><a class=\"decorated-link\" href=\"https:\/\/www.leafie.co.uk\/news\/zurich-extends-legal-cannabis-pilot-2028\/\" target=\"_new\" rel=\"noopener\" data-start=\"5214\" data-end=\"5352\"><strong>Leafie<\/strong> - Z\u00fcrich will Pilotprojekt f\u00fcr legales Cannabis bis 2028 verl\u00e4ngern<\/a><\/p><\/li><li data-start=\"5355\" data-end=\"5602\"><p data-start=\"5358\" data-end=\"5602\"><a class=\"decorated-link\" href=\"https:\/\/cannabis-startups.com\/zurich-extends-cannabis-distribution-until-2028-how-switzerland-is-drying-up-the-black-market\/\" target=\"_new\" rel=\"noopener\" data-start=\"5358\" data-end=\"5600\"><strong>Cannabis-Startups<\/strong> - Z\u00fcrich verl\u00e4ngert den Cannabisvertrieb bis 2028: Wie die Schweiz den Schwarzmarkt austrocknet<\/a><\/p><\/li><li data-start=\"5603\" data-end=\"5805\"><p data-start=\"5606\" data-end=\"5805\"><a class=\"decorated-link cursor-pointer\" href=\"http:\/\/bag.admin.ch\/en\/zuerican-city-of-zurich\" target=\"_new\" rel=\"noopener\" data-start=\"5606\" data-end=\"5803\"><strong>Bundesamt f\u00fcr Gesundheit (BAG)<\/strong> - Z\u00fcrcher Cannabis-Pilotversuch<\/a><\/p><\/li><li data-start=\"5603\" data-end=\"5805\"><a href=\"https:\/\/www.zurican.uzh.ch\/de\/Aktuellerstand.html\" target=\"_blank\" rel=\"noopener\"><strong>Universit\u00e4t Z\u00fcrich (UZH)<\/strong> -<\/a><a href=\"https:\/\/www.zurican.uzh.ch\/de\/Aktuellerstand.html\" target=\"_blank\" rel=\"noopener\"> Z\u00fcri Can - Aktueller Stand\u00a0<\/a><\/li><\/ol>\t\t\t\t\t\t\t\t<\/div>\n\t\t\t\t<\/div>\n\t\t\t\t\t<\/div>\n\t\t\t\t<\/div>\n\t\t\t\t<\/div>","protected":false},"excerpt":{"rendered":"<p>Zusammenfassung Am Montag, 20. Oktober, wurde bekannt gegeben, dass die Stadt Z\u00fcrich formell beantragt hat, ihr legales Cannabis-Pilotprogramm \u201cZ\u00fcri Can - Cannabis mit...<\/p>","protected":false},"author":2,"featured_media":3675,"comment_status":"closed","ping_status":"open","sticky":false,"template":"","format":"standard","meta":{"footnotes":""},"categories":[37],"tags":[],"class_list":{"0":"post-3213","1":"post","2":"type-post","3":"status-publish","4":"format-standard","5":"has-post-thumbnail","7":"category-european-cannabis-industry"},"views":115,"_links":{"self":[{"href":"https:\/\/luminorecruit.com\/de\/wp-json\/wp\/v2\/posts\/3213","targetHints":{"allow":["GET"]}}],"collection":[{"href":"https:\/\/luminorecruit.com\/de\/wp-json\/wp\/v2\/posts"}],"about":[{"href":"https:\/\/luminorecruit.com\/de\/wp-json\/wp\/v2\/types\/post"}],"author":[{"embeddable":true,"href":"https:\/\/luminorecruit.com\/de\/wp-json\/wp\/v2\/users\/2"}],"replies":[{"embeddable":true,"href":"https:\/\/luminorecruit.com\/de\/wp-json\/wp\/v2\/comments?post=3213"}],"version-history":[{"count":28,"href":"https:\/\/luminorecruit.com\/de\/wp-json\/wp\/v2\/posts\/3213\/revisions"}],"predecessor-version":[{"id":3681,"href":"https:\/\/luminorecruit.com\/de\/wp-json\/wp\/v2\/posts\/3213\/revisions\/3681"}],"wp:featuredmedia":[{"embeddable":true,"href":"https:\/\/luminorecruit.com\/de\/wp-json\/wp\/v2\/media\/3675"}],"wp:attachment":[{"href":"https:\/\/luminorecruit.com\/de\/wp-json\/wp\/v2\/media?parent=3213"}],"wp:term":[{"taxonomy":"category","embeddable":true,"href":"https:\/\/luminorecruit.com\/de\/wp-json\/wp\/v2\/categories?post=3213"},{"taxonomy":"post_tag","embeddable":true,"href":"https:\/\/luminorecruit.com\/de\/wp-json\/wp\/v2\/tags?post=3213"}],"curies":[{"name":"wp","href":"https:\/\/api.w.org\/{rel}","templated":true}]}}